{"id":9914,"date":"2018-05-23T17:27:35","date_gmt":"2018-05-23T15:27:35","guid":{"rendered":"https:\/\/dhd-blog.org\/?p=9914"},"modified":"2018-05-23T17:27:35","modified_gmt":"2018-05-23T15:27:35","slug":"einladung-zur-verleihung-des-berliner-dh-preises-am-26-juni-2018","status":"publish","type":"post","link":"https:\/\/dhd-blog.org\/?p=9914","title":{"rendered":"Einladung zur Verleihung des Berliner DH-Preises am 26. Juni 2018"},"content":{"rendered":"<p>Bereits zum vierten Mal verleiht der <a href=\"http:\/\/www.ifdhberlin.de\/startseite\/\">Interdisziplin\u00e4re Forschungsverbund Digital Humanities in Berlin<\/a> den <a href=\"http:\/\/www.ifdhberlin.de\/dh-preis\/\">Berliner DH-Preis<\/a> f\u00fcr herausragende Projekte auf dem Gebiet der Digital Humanities.<\/p>\n<p>Wir\u00a0laden\u00a0Sie\u00a0herzlich\u00a0ein\u00a0zur\u00a0Preisverleihung<br \/>\nam\u00a026. Juni\u00a02018\u00a0um\u00a017:30<br \/>\nin\u00a0der\u00a0Berlin-Brandenburgischen\u00a0Akademie\u00a0der\u00a0Wissenschaften<br \/>\nAkademiegeb\u00e4ude\u00a0am\u00a0Gendarmenmarkt,\u00a0Einstein-Saal<br \/>\nJ\u00e4gerstra\u00dfe\u00a022\/23,\u00a010117\u00a0Berlin.<\/p>\n<p>Nach\u00a0einer\u00a0Begr\u00fc\u00dfung\u00a0durch\u00a0den\u00a0Pr\u00e4sidenten\u00a0der\u00a0BBAW, Prof.\u00a0Dr.\u00a0Dr.\u00a0h.c.\u00a0mult.\u00a0Martin\u00a0Gr\u00f6tschel,\u00a0werden\u00a0Jury-Mitglieder den\u00a0bzw.\u00a0die\u00a0Preise\u00a0verleihen.<br \/>\nDer\u00a0diesj\u00e4hrigen\u00a0Jury\u00a0geh\u00f6ren\u00a0an:\u00a0Prof.\u00a0Dr.\u00a0Nicolas\u00a0Apostolopoulos\u00a0(FU Berlin), Prof. Dr. Anne Baillot (Universit\u00e9 du Mans), Prof. Dr. Gerd Gra\u00dfhoff (HU Berlin \/ Exzellenzcluster Topoi), Prof. Dr. Claudia M\u00fcller-Birn (FU Berlin), Prof. Dr. Heike Neuroth (FH Potsdam) sowie Dr. Markus Neusch\u00e4fer (Open Knowledge Foundation). Die Preistr\u00e4gerInnen werden danach Gelegenheit haben, ihre nominierten Projekte vorzustellen. Im Anschluss daran laden wir alle TeilnehmerInnen zu einem Empfang in den Wintergarten.<\/p>\n<p>Die\u00a0Teilnahme\u00a0ist\u00a0kostenlos,\u00a0eine\u00a0Anmeldung\u00a0ist\u00a0jedoch\u00a0erforderlich.<br \/>\nBitte\u00a0nutzen\u00a0Sie\u00a0daf\u00fcr\u00a0das\u00a0Online-Formular\u00a0unter<br \/>\n<a href=\"http:\/\/www.bbaw.de\/veranstaltungen\/2018\/juni\/digital-humanities-preis-2018\" target=\"_blank\" rel=\"noopener noreferrer\">http:\/\/www.bbaw.de\/veranstaltungen\/2018\/juni\/digital-humanities-preis-2018<\/a><br \/>\n*Anmeldeschluss\u00a0ist\u00a0der\u00a020.06.2018.*<\/p>\n<p>Bei\u00a0R\u00fcckfragen\u00a0stehen\u00a0wir\u00a0Ihnen\u00a0gerne\u00a0zur\u00a0Verf\u00fcgung.<\/p>\n<p>Wir\u00a0freuen\u00a0uns\u00a0sehr,\u00a0Sie\u00a0zur\u00a0Verleihung\u00a0des\u00a0Berliner\u00a0DH-Preises\u00a02018<br \/>\nbegr\u00fc\u00dfen\u00a0zu\u00a0d\u00fcrfen!<\/p>\n<p>Mit\u00a0freundlichen\u00a0Gr\u00fc\u00dfen\u00a0aus\u00a0der\u00a0Gesch\u00e4ftsstelle\u00a0des\u00a0if|DH|b,<br \/>\nWolf-Hagen\u00a0Krauth\u00a0(Projektleitung)<br \/>\nUlla\u00a0Tschida\u00a0und\u00a0Marius\u00a0Hug\u00a0(Wissenschaftliche\u00a0Koordinatoren)<\/p>\n","protected":false},"excerpt":{"rendered":"<p>Bereits zum vierten Mal verleiht der Interdisziplin\u00e4re Forschungsverbund Digital Humanities in Berlin den Berliner DH-Preis f\u00fcr herausragende Projekte auf dem Gebiet der Digital Humanities. Wir\u00a0laden\u00a0Sie\u00a0herzlich\u00a0ein\u00a0zur\u00a0Preisverleihung am\u00a026. Juni\u00a02018\u00a0um\u00a017:30 in\u00a0der\u00a0Berlin-Brandenburgischen\u00a0Akademie\u00a0der\u00a0Wissenschaften Akademiegeb\u00e4ude\u00a0am\u00a0Gendarmenmarkt,\u00a0Einstein-Saal J\u00e4gerstra\u00dfe\u00a022\/23,\u00a010117\u00a0Berlin. Nach\u00a0einer\u00a0Begr\u00fc\u00dfung\u00a0durch\u00a0den\u00a0Pr\u00e4sidenten\u00a0der\u00a0BBAW, Prof.\u00a0Dr.\u00a0Dr.\u00a0h.c.\u00a0mult.\u00a0Martin\u00a0Gr\u00f6tschel,\u00a0werden\u00a0Jury-Mitglieder den\u00a0bzw.\u00a0die\u00a0Preise\u00a0verleihen. Der\u00a0diesj\u00e4hrigen\u00a0Jury\u00a0geh\u00f6ren\u00a0an:\u00a0Prof.\u00a0Dr.\u00a0Nicolas\u00a0Apostolopoulos\u00a0(FU Berlin), Prof. Dr. Anne Baillot (Universit\u00e9 du Mans), Prof. Dr. Gerd Gra\u00dfhoff (HU Berlin \/ Exzellenzcluster Topoi), Prof. Dr. Claudia M\u00fcller-Birn [&hellip;]<\/p>\n","protected":false},"author":145,"featured_media":0,"comment_status":"open","ping_status":"open","sticky":false,"template":"","format":"standard","meta":{"footnotes":""},"categories":[1],"tags":[],"class_list":["post-9914","post","type-post","status-publish","format-standard","hentry","category-allgemein"],"_links":{"self":[{"href":"https:\/\/dhd-blog.org\/index.php?rest_route=\/wp\/v2\/posts\/9914","targetHints":{"allow":["GET"]}}],"collection":[{"href":"https:\/\/dhd-blog.org\/index.php?rest_route=\/wp\/v2\/posts"}],"about":[{"href":"https:\/\/dhd-blog.org\/index.php?rest_route=\/wp\/v2\/types\/post"}],"author":[{"embeddable":true,"href":"https:\/\/dhd-blog.org\/index.php?rest_route=\/wp\/v2\/users\/145"}],"replies":[{"embeddable":true,"href":"https:\/\/dhd-blog.org\/index.php?rest_route=%2Fwp%2Fv2%2Fcomments&post=9914"}],"version-history":[{"count":4,"href":"https:\/\/dhd-blog.org\/index.php?rest_route=\/wp\/v2\/posts\/9914\/revisions"}],"predecessor-version":[{"id":9918,"href":"https:\/\/dhd-blog.org\/index.php?rest_route=\/wp\/v2\/posts\/9914\/revisions\/9918"}],"wp:attachment":[{"href":"https:\/\/dhd-blog.org\/index.php?rest_route=%2Fwp%2Fv2%2Fmedia&parent=9914"}],"wp:term":[{"taxonomy":"category","embeddable":true,"href":"https:\/\/dhd-blog.org\/index.php?rest_route=%2Fwp%2Fv2%2Fcategories&post=9914"},{"taxonomy":"post_tag","embeddable":true,"href":"https:\/\/dhd-blog.org\/index.php?rest_route=%2Fwp%2Fv2%2Ftags&post=9914"}],"curies":[{"name":"wp","href":"https:\/\/api.w.org\/{rel}","templated":true}]}}