{"id":8619,"date":"2017-10-09T13:49:21","date_gmt":"2017-10-09T11:49:21","guid":{"rendered":"http:\/\/dhd-blog.org\/?p=8619"},"modified":"2017-11-30T18:06:54","modified_gmt":"2017-11-30T17:06:54","slug":"cfa-das-mittelalter-2019-themenheft-digitale-mediaevistik","status":"publish","type":"post","link":"https:\/\/dhd-blog.org\/?p=8619","title":{"rendered":"CfA: Das Mittelalter 2019: Themenheft Digitale Medi\u00e4vistik"},"content":{"rendered":"<p>Der Medi\u00e4vistenverband e.V. ver\u00f6ffentlicht seit 1996 die halbj\u00e4hrlich erscheinende Zeitschrift \u201eDas Mittelalter. Perspektiven medi\u00e4vistischer Forschung\u201c. F\u00fcr 2019 ist ein Themenheft mit dem Titel \u201eDigitale Medi\u00e4vistik\u201c vorgesehen, das gemeinsam von Roman Bleier (Zentrum f\u00fcr Informationsmodellierung, Universit\u00e4t Graz), Franz Fischer (Cologne Center for eHumanities der Universit\u00e4t zu K\u00f6ln), Torsten Hiltmann (Universit\u00e4t M\u00fcnster), Gabriel Viehhauser (Universit\u00e4t Stuttgart) und Georg Vogeler (Zentrum f\u00fcr Informationsmodellierung, Universit\u00e4t Graz) herausgegeben wird.<\/p>\n<p>Bewerbungsfrist: 30. November 2017 [verl\u00e4ngert bis 8.12.2017]<\/p>\n<p>Autorenkonferenz in Stuttgart: 13.\/14. September 2018<\/p>\n<h3>Abstract<\/h3>\n<p>Informationstechnolgien sind dabei, die Arbeitsweisen der medi\u00e4vistischen Forschung grundlegend und nachhaltig zu ver\u00e4ndern. Gerade medi\u00e4vistische Forschungsprojekte geh\u00f6ren zu den Motoren einer digitalen Durchdringung der geisteswissenschaftlichen Forschung, und dies bereits seit den Tagen des Jesuitenpaters Roberto Busa (1913-2011), dessen Index zu den Werken des Thomas von Aquin als das erste Digital-Humanities-Projekt \u00fcberhaupt gilt.<\/p>\n<p>Seither sind die Auswirkungen der Digitalisierung auf die Medi\u00e4vistik einerseits anhand der rasant steigenden digitalen Verf\u00fcgbarkeit von Quellen und Forschungsergebnissen sp\u00fcrbar. In stetig wachsendem Umfang kann in Form hochaufgel\u00f6ster Digitalisate, digitaler Archive und Editionen auf Prim\u00e4rquellen zugegriffen werden, und die Palette von digitalen Methoden, die in der medi\u00e4vistischen Forschung zum Einsatz kommen, reicht von Algorithmus-basierten Analyseverfahren historischer Textcorpora \u00fcber automatische Bilderkennung, Netzwerkanalyse und geographische Informationssysteme, bis hin zur formalen Erschlie\u00dfung von Daten und Informationen mit Technologien des Semantic Web. Andererseits ver\u00e4ndert die Anwendung digitaler Hilfsmittel und Methoden sowohl die Forschungsprozesse als auch die Fragestellungen selbst. Daher gilt es, deren Nutzen und Auswirkungen auf unser Verst\u00e4ndnis vom Mittelalter zu beleuchten. Das ist umso dringlicher, als eine inter- und transdisziplin\u00e4r ausgerichtete digitale Forschungspraxis in allen Bereichen der Medi\u00e4vistik Einzug h\u00e4lt.<\/p>\n<p>Das Themenheft soll anhand aktueller Forschungsprojekte einen \u00dcberblick \u00fcber die in der medi\u00e4vistischen Forschung genutzten Methoden der Digital Humanities geben und deren Einsatz in der Praxis diskutieren und bewerten. Es soll damit eine Orientierung auf dem Gebiet der digitalen Medi\u00e4vistik bieten und zugleich vereinzelte Aktivit\u00e4ten im deutschsprachigen Raum zusammenf\u00fchren. Vor allem aber soll es zur Reflexion anregen, welche neuen Erkenntnisse \u00fcber die Welt des Mittelalters mit Hilfe digitaler Methoden, Werkzeuge und Ressourcen gewonnen werden k\u00f6nnen.<\/p>\n<p><span style=\"text-decoration: underline\"><strong>Die Beitr\u00e4ge k\u00f6nnen beispielsweise folgende Themenbereiche behandeln:<\/strong><\/span><\/p>\n<p style=\"padding-left: 30px\">Medi\u00e4vistik und Computer Vision (Bilderkennung)<\/p>\n<p style=\"padding-left: 30px\">Medi\u00e4vistik und Netzwerkanalyse<\/p>\n<p style=\"padding-left: 30px\">Medi\u00e4vistik und geographische Informationssysteme<\/p>\n<p style=\"padding-left: 30px\">Medi\u00e4vistik und Semantic Web<\/p>\n<p style=\"padding-left: 30px\">Digitale Erschlie\u00dfung und Pr\u00e4sentation von medi\u00e4vistischen Daten und Informationen<\/p>\n<p style=\"padding-left: 30px\">Text-mining und automatische Sprachverarbeitung in der Medi\u00e4vistik<\/p>\n<h3>Zeitplan:<\/h3>\n<table style=\"font-size: 16px\" border=\"1\" cellspacing=\"0\" cellpadding=\"0\">\n<tbody>\n<tr>\n<td>30. November 2017<\/td>\n<td>Frist f\u00fcr die Einsendung der Vorschl\u00e4ge [verl\u00e4ngert bis 8.12.2017]<\/td>\n<\/tr>\n<tr>\n<td>15. Januar 2018<\/td>\n<td>Zusage an die Autoren<\/td>\n<\/tr>\n<tr>\n<td>1. Juli 2018<\/td>\n<td>Einsenden der ausformulierten und formatierten Beitr\u00e4ge zum Peer Review<\/td>\n<\/tr>\n<tr>\n<td>13.\/14. September<\/td>\n<td>Autorenkonferenz in Stuttgart<\/td>\n<\/tr>\n<tr>\n<td>30. November 2018<\/td>\n<td>Frist f\u00fcr die Abgabe der \u00fcberarbeiteten Beitr\u00e4ge<\/td>\n<\/tr>\n<tr>\n<td>Juni 2019<\/td>\n<td>Erscheinen des Themenhefts<\/td>\n<\/tr>\n<\/tbody>\n<\/table>\n<p>Bitte schicken Sie ihren Vorschlag f\u00fcr einen Beitrag als max. zweiseitigen Abstract bis zum 30. November 2017 an Roman Bleier (roman.bleier(at)uni-graz.at).<\/p>\n","protected":false},"excerpt":{"rendered":"<p>Der Medi\u00e4vistenverband e.V. ver\u00f6ffentlicht seit 1996 die halbj\u00e4hrlich erscheinende Zeitschrift \u201eDas Mittelalter. Perspektiven medi\u00e4vistischer Forschung\u201c. F\u00fcr 2019 ist ein Themenheft mit dem Titel \u201eDigitale Medi\u00e4vistik\u201c vorgesehen, das gemeinsam von Roman Bleier (Zentrum f\u00fcr Informationsmodellierung, Universit\u00e4t Graz), Franz Fischer (Cologne Center for eHumanities der Universit\u00e4t zu K\u00f6ln), Torsten Hiltmann (Universit\u00e4t M\u00fcnster), Gabriel Viehhauser (Universit\u00e4t Stuttgart) und [&hellip;]<\/p>\n","protected":false},"author":33,"featured_media":0,"comment_status":"open","ping_status":"open","sticky":false,"template":"","format":"standard","meta":{"footnotes":""},"categories":[1,103,11,23,534,4],"tags":[159,21,142],"class_list":["post-8619","post","type-post","status-publish","format-standard","hentry","category-allgemein","category-community","category-forschung","category-forschung-methode","category-konferenz","category-veranstaltungen","tag-call-for-papers","tag-mittelalter","tag-mittelalterforschung"],"_links":{"self":[{"href":"https:\/\/dhd-blog.org\/index.php?rest_route=\/wp\/v2\/posts\/8619","targetHints":{"allow":["GET"]}}],"collection":[{"href":"https:\/\/dhd-blog.org\/index.php?rest_route=\/wp\/v2\/posts"}],"about":[{"href":"https:\/\/dhd-blog.org\/index.php?rest_route=\/wp\/v2\/types\/post"}],"author":[{"embeddable":true,"href":"https:\/\/dhd-blog.org\/index.php?rest_route=\/wp\/v2\/users\/33"}],"replies":[{"embeddable":true,"href":"https:\/\/dhd-blog.org\/index.php?rest_route=%2Fwp%2Fv2%2Fcomments&post=8619"}],"version-history":[{"count":12,"href":"https:\/\/dhd-blog.org\/index.php?rest_route=\/wp\/v2\/posts\/8619\/revisions"}],"predecessor-version":[{"id":8782,"href":"https:\/\/dhd-blog.org\/index.php?rest_route=\/wp\/v2\/posts\/8619\/revisions\/8782"}],"wp:attachment":[{"href":"https:\/\/dhd-blog.org\/index.php?rest_route=%2Fwp%2Fv2%2Fmedia&parent=8619"}],"wp:term":[{"taxonomy":"category","embeddable":true,"href":"https:\/\/dhd-blog.org\/index.php?rest_route=%2Fwp%2Fv2%2Fcategories&post=8619"},{"taxonomy":"post_tag","embeddable":true,"href":"https:\/\/dhd-blog.org\/index.php?rest_route=%2Fwp%2Fv2%2Ftags&post=8619"}],"curies":[{"name":"wp","href":"https:\/\/api.w.org\/{rel}","templated":true}]}}