{"id":5598,"date":"2015-08-30T13:19:06","date_gmt":"2015-08-30T11:19:06","guid":{"rendered":"http:\/\/dhd-blog.org\/?p=5598"},"modified":"2015-08-30T13:19:06","modified_gmt":"2015-08-30T11:19:06","slug":"juniorprofessur-w1-fuer-integrierte-germanistik-mit-tenure-track-option","status":"publish","type":"post","link":"https:\/\/dhd-blog.org\/?p=5598","title":{"rendered":"Juniorprofessur (W1) f\u00fcr Integrierte Germanistik mit Tenure-Track-Option"},"content":{"rendered":"<p>Im Fachbereich 2 am Campus Koblenz der Universit\u00e4t Koblenz-Landau ist am Institut f\u00fcr Germanistik zum n\u00e4chstm\u00f6glichen Zeitpunkt<\/p>\n<p>eine <a href=\"https:\/\/dhd-blog.org\/wp-content\/uploads\/2015\/08\/107-2015_FB-2_W1_mit-tenure_Integrierte_Germanistik.pdf\">Juniorprofessur (W1) f\u00fcr Integrierte Germanistik<\/a><br \/>\nmit Tenure-Track-Option<\/p>\n<p>zu besetzen.<\/p>\n<p>Mit dem Leitbild einer integrierten Germanistik hat sich das Koblenzer Institut zum Ziel gesetzt, in einer disziplin\u00fcbergreifenden Konzeption linguistische und literaturwissenschaftliche Zugriffe auf sprachliche, literarische und mediale Ph\u00e4nomene zu b\u00fcndeln.<\/p>\n<p>Aufgabenschwerpunkte:<br \/>\nForschung in germanistischer Sprach- und Literaturwissenschaft in integrierender Perspektive. Lehre in s\u00e4mtlichen in der Germanistik angebotenen Bachelor- und Masterstudieng\u00e4ngen sowie die Pr\u00fcfung studentischer Leistungen. Die Lehrverpflichtung betr\u00e4gt zun\u00e4chst 4 Semesterwochenstunden. Weiter wird die Mitarbeit in Gremien und in der akademischen Selbstverwaltung erwartet.<\/p>\n<p>Einstellungsvoraussetzungen:<br \/>\nNeben einem abgeschlossenen Hochschulstudium in Germanistik und der p\u00e4dagogischen Eignung, die gesondert nachzuweisen ist, werden eine besondere Bef\u00e4higung zu wissenschaftlicher Arbeit verlangt, die in der Regel durch eine Promotion von herausragender Qualit\u00e4t entweder in Neuerer deutscher Sprach- oder Literaturwissenschaft nachgewiesen wird, sowie weitere wissenschaftliche Arbeiten in integrierender Perspektive. Die Erfahrung in der Drittmitteleinwerbung sowie bei der Durchf\u00fchrung von Drittmittelprojekten ist erw\u00fcnscht.<br \/>\nSofern vor oder nach der Promotion eine Besch\u00e4ftigung als wissenschaftliche Mitarbeiterin\/wissenschaftlicher Mitarbeiter oder als wissenschaftliche Hilfskraft erfolgt ist, sollen Promotions- und Besch\u00e4ftigungsphase zusammen nicht mehr als sechs Jahre betragen haben (Mutterschutz und Erziehungszeiten werden nicht angerechnet).<br \/>\nJuniorprofessorinnen\/Juniorprofessoren werden f\u00fcr die Dauer von drei Jahren zu Beamtinnen\/Beamten auf Zeit ernannt. Eine Verl\u00e4ngerung um drei Jahre ist bei entsprechender Bew\u00e4hrung (positiver Evaluation) m\u00f6glich.<br \/>\nNach Ablauf der sechsj\u00e4hrigen Anstellungsphase als Juniorprofessorin\/Juniorprofessor besteht bei entsprechender Eignung, Bef\u00e4higung und fachlicher Leistung die M\u00f6glichkeit der \u00dcbernahme auf eine Lebenszeitprofessur (W 2) im Rahmen eines Tenure-Track-Verfahrens, sofern hierf\u00fcr die gesetzlichen Voraussetzungen des Hochschulgesetzes (HochSchG) des Landes Rheinland-Pfalz (u.a. \u00a7 50 Abs. 2 S. 3 HochSchG) erf\u00fcllt sind.<br \/>\nDas Land Rheinland-Pfalz und die Universit\u00e4t Koblenz-Landau vertreten ein Konzept der intensiven Betreuung der Studierenden und erwarten deshalb eine hohe Pr\u00e4senz der Lehrenden an der Universit\u00e4t.<br \/>\nFrauen werden bei Einstellungen bei gleichwertiger Eignung, Bef\u00e4higung und fachlicher Leistung bevorzugt ber\u00fccksichtigt, soweit und solange eine Unterrepr\u00e4sentanz vorliegt. Dies gilt nicht, wenn in der Person eines Bewerbers so schwerwiegende Gr\u00fcnde vorliegen, dass sie auch unter Beachtung des Gebotes zur Gleichstellung der Frauen \u00fcberwiegen.<br \/>\nSchwerbehinderte Bewerberinnen\/Bewerber werden bei gleicher Qualifikation bevorzugt eingestellt.<\/p>\n<p>Bewerberinnen\/Bewerber senden ihre Unterlagen (Lebenslauf mit wissenschaftlichem Werdegang, Zeugnisse etc.) bis zum 20.09.2015 unter Angabe der Kennziffer 107\/2015 an den Pr\u00e4sidenten der Universit\u00e4t Koblenz-Landau, Pr\u00e4sidialamt, Rhabanusstr. 3, 55118 Mainz. Bewerberinnen und Bewerber werden gebeten, mit den Bewerbungsunterlagen eine Monographie und zwei einschl\u00e4gige Aufs\u00e4tze einzureichen.<\/p>\n<p>www.uni-ko-ld.de\/karriere<\/p>\n<p>____________________________________________<\/p>\n<p>Prof. Dr. Eva L. Wyss<br \/>\nUniversit\u00e4t Koblenz-Landau, Campus Koblenz<br \/>\nFachbereich 2: Institut f\u00fcr Germanistik<br \/>\nUniversit\u00e4tsstr. 1, 56070 Koblenz<br \/>\nwyss@uni-koblenz.de<br \/>\nTel: 0261\/287-2053 (Direktwahl)<br \/>\nSekretariat:<br \/>\nFrau P. Koch \/ C. Stecker<br \/>\nTel: 0261\/287-2050<br \/>\nFax: 0261\/287-37524<\/p>\n","protected":false},"excerpt":{"rendered":"<p>Im Fachbereich 2 am Campus Koblenz der Universit\u00e4t Koblenz-Landau ist am Institut f\u00fcr Germanistik zum n\u00e4chstm\u00f6glichen Zeitpunkt eine Juniorprofessur (W1) f\u00fcr Integrierte Germanistik mit Tenure-Track-Option zu besetzen. Mit dem Leitbild einer integrierten Germanistik hat sich das Koblenzer Institut zum Ziel gesetzt, in einer disziplin\u00fcbergreifenden Konzeption linguistische und literaturwissenschaftliche Zugriffe auf sprachliche, literarische und mediale Ph\u00e4nomene [&hellip;]<\/p>\n","protected":false},"author":6,"featured_media":0,"comment_status":"open","ping_status":"open","sticky":false,"template":"","format":"standard","meta":{"footnotes":""},"categories":[1,3],"tags":[],"class_list":["post-5598","post","type-post","status-publish","format-standard","hentry","category-allgemein","category-stellen"],"_links":{"self":[{"href":"https:\/\/dhd-blog.org\/index.php?rest_route=\/wp\/v2\/posts\/5598","targetHints":{"allow":["GET"]}}],"collection":[{"href":"https:\/\/dhd-blog.org\/index.php?rest_route=\/wp\/v2\/posts"}],"about":[{"href":"https:\/\/dhd-blog.org\/index.php?rest_route=\/wp\/v2\/types\/post"}],"author":[{"embeddable":true,"href":"https:\/\/dhd-blog.org\/index.php?rest_route=\/wp\/v2\/users\/6"}],"replies":[{"embeddable":true,"href":"https:\/\/dhd-blog.org\/index.php?rest_route=%2Fwp%2Fv2%2Fcomments&post=5598"}],"version-history":[{"count":4,"href":"https:\/\/dhd-blog.org\/index.php?rest_route=\/wp\/v2\/posts\/5598\/revisions"}],"predecessor-version":[{"id":5603,"href":"https:\/\/dhd-blog.org\/index.php?rest_route=\/wp\/v2\/posts\/5598\/revisions\/5603"}],"wp:attachment":[{"href":"https:\/\/dhd-blog.org\/index.php?rest_route=%2Fwp%2Fv2%2Fmedia&parent=5598"}],"wp:term":[{"taxonomy":"category","embeddable":true,"href":"https:\/\/dhd-blog.org\/index.php?rest_route=%2Fwp%2Fv2%2Fcategories&post=5598"},{"taxonomy":"post_tag","embeddable":true,"href":"https:\/\/dhd-blog.org\/index.php?rest_route=%2Fwp%2Fv2%2Ftags&post=5598"}],"curies":[{"name":"wp","href":"https:\/\/api.w.org\/{rel}","templated":true}]}}