{"id":3736,"date":"2014-07-02T13:31:20","date_gmt":"2014-07-02T11:31:20","guid":{"rendered":"http:\/\/dhd-blog.org\/?p=3736"},"modified":"2015-12-16T14:48:29","modified_gmt":"2015-12-16T13:48:29","slug":"von-daten-zu-erkenntnissen-digitale-geisteswissenschaften-als-mittler-zwischen-information-und-interpretation","status":"publish","type":"post","link":"https:\/\/dhd-blog.org\/?p=3736","title":{"rendered":"Von Daten zu Erkenntnissen: Digitale Geisteswissenschaften als Mittler zwischen Information und Interpretation"},"content":{"rendered":"<div>\n<p>Vom 23.-27.2.2015 findet die zweite Jahrestagung des Verbandes der \u201cDigital Humanities im deutsprachigen Raum\u201d organisiert durch das Zentrum f\u00fcr Informationsmodellierung \u2013 Austrian Centre for Digital Humanities an der Universit\u00e4t Graz statt.<\/p>\n<p>In Workshops, Vortr\u00e4gen, Panels und Diskussionen soll dabei den zentralen Fragen nachgegangen werden,<\/p>\n<p>(a) welcher Mehrwert sich f\u00fcr Erkenntnisprozesse in den Geisteswissenschaften durch den Einsatz von digitalen Methoden in der Forschung ergibt,<\/p>\n<div>\n<p>(b) welche Bedeutung Daten in der Generierung von Wissen in den Geisteswissenschaften in der Zukunft spielen werden und<\/p>\n<p>(c) welche disziplin\u00fcbergreifenden Synergien f\u00fcr die Theoriebildung aus den in den Digitalen Geisteswissenschaften entwickelten Methoden, Techniken und Infrastrukturen zu erwarten sind.<\/p>\n<p>Besuchen Sie die Konferenzwebsite unter <a title=\"DHd-Tagung 2015\" href=\"http:\/\/dhd2015.uni-graz.at\" target=\"_blank\">dhd2015.uni-graz.at<\/a>!<\/p>\n<p>&nbsp;<\/p>\n<p><img loading=\"lazy\" decoding=\"async\" alt=\"\" src=\"https:\/\/webadmin.uni-graz.at\/fileadmin\/veranstaltungen\/von-daten-zu-erkenntnissen\/Homepage_Header_Version0.5.png\" width=\"469\" height=\"194\" \/><\/p>\n<p><img loading=\"lazy\" decoding=\"async\" alt=\"\" src=\"https:\/\/webadmin.uni-graz.at\/fileadmin\/gewi-zentren\/Informationsmodellierung\/Bilder\/dhd.jpg\" width=\"213\" height=\"52\" \/><\/p>\n<\/div>\n<\/div>\n","protected":false},"excerpt":{"rendered":"<p>Vom 23.-27.2.2015 findet die zweite Jahrestagung des Verbandes der \u201cDigital Humanities im deutsprachigen Raum\u201d organisiert durch das Zentrum f\u00fcr Informationsmodellierung \u2013 Austrian Centre for Digital Humanities an der Universit\u00e4t Graz statt. In Workshops, Vortr\u00e4gen, Panels und Diskussionen soll dabei den zentralen Fragen nachgegangen werden, (a) welcher Mehrwert sich f\u00fcr Erkenntnisprozesse in den Geisteswissenschaften durch den [&hellip;]<\/p>\n","protected":false},"author":33,"featured_media":0,"comment_status":"open","ping_status":"open","sticky":false,"template":"","format":"standard","meta":{"footnotes":""},"categories":[103,11,4],"tags":[35,87,32,64,616],"class_list":["post-3736","post","type-post","status-publish","format-standard","hentry","category-community","category-forschung","category-veranstaltungen","tag-digitale-edition","tag-graz","tag-osterreich","tag-tei","tag-zim"],"_links":{"self":[{"href":"https:\/\/dhd-blog.org\/index.php?rest_route=\/wp\/v2\/posts\/3736","targetHints":{"allow":["GET"]}}],"collection":[{"href":"https:\/\/dhd-blog.org\/index.php?rest_route=\/wp\/v2\/posts"}],"about":[{"href":"https:\/\/dhd-blog.org\/index.php?rest_route=\/wp\/v2\/types\/post"}],"author":[{"embeddable":true,"href":"https:\/\/dhd-blog.org\/index.php?rest_route=\/wp\/v2\/users\/33"}],"replies":[{"embeddable":true,"href":"https:\/\/dhd-blog.org\/index.php?rest_route=%2Fwp%2Fv2%2Fcomments&post=3736"}],"version-history":[{"count":3,"href":"https:\/\/dhd-blog.org\/index.php?rest_route=\/wp\/v2\/posts\/3736\/revisions"}],"predecessor-version":[{"id":3739,"href":"https:\/\/dhd-blog.org\/index.php?rest_route=\/wp\/v2\/posts\/3736\/revisions\/3739"}],"wp:attachment":[{"href":"https:\/\/dhd-blog.org\/index.php?rest_route=%2Fwp%2Fv2%2Fmedia&parent=3736"}],"wp:term":[{"taxonomy":"category","embeddable":true,"href":"https:\/\/dhd-blog.org\/index.php?rest_route=%2Fwp%2Fv2%2Fcategories&post=3736"},{"taxonomy":"post_tag","embeddable":true,"href":"https:\/\/dhd-blog.org\/index.php?rest_route=%2Fwp%2Fv2%2Ftags&post=3736"}],"curies":[{"name":"wp","href":"https:\/\/api.w.org\/{rel}","templated":true}]}}