{"id":371,"date":"2012-03-27T12:33:53","date_gmt":"2012-03-27T10:33:53","guid":{"rendered":"http:\/\/dhd-blog.org\/?p=371"},"modified":"2012-06-11T16:21:10","modified_gmt":"2012-06-11T14:21:10","slug":"einladung-zum-textgrid-summit-14-15-05-2012-in-darmstadt","status":"publish","type":"post","link":"https:\/\/dhd-blog.org\/?p=371","title":{"rendered":"Einladung zum TextGrid Summit, 14.\/15.05.2012 in Darmstadt"},"content":{"rendered":"<p>Am 14. und 15.05.2012 findet in Darmstadt der diesj\u00e4hrige <strong>TextGrid Summit<\/strong> statt. Anla\u00df ist der bevorstehende Release von <strong>TextGrid 2.0<\/strong> mit zahlreichen neuen Tools und Verbesserungen. Die Keynote Speech wird Thomas St\u00e4cker von der Herzog August Bibliothek Wolfenb\u00fcttel halten. Unter dem Motto <strong>&#8222;Richtfest im Haus der Digitalen Infrastruktur&#8220;<\/strong> werden jetzige und zuk\u00fcnftige TextGrid-Nutzerinnen und Nutzer zugleich die Gelegenheit haben, sich auszutauschen und aus ihren Projekten zu berichten. Workshops, Vortr\u00e4ge und Diskussionsrunden zu Perspektiven und Potential Virtueller Forschungsumgebungen runden das Programm ab.<\/p>\n<p>Weitere Informationen und Anmeldung ab sofort online unter <a title=\"Opens external link in new window\" href=\"http:\/\/www.textgrid.de\/?id=summit2012\" target=\"_self\"><strong>www.textgrid.de\/summit2012<\/strong><\/a>.<\/p>\n<p>Anmeldeschlu\u00df: 27.04.2012<\/p>\n<p>Herzlich willkommen!<\/p>\n<p><a href=\"http:\/\/www.textgrid.de\/index.php?id=429#\"><img loading=\"lazy\" decoding=\"async\" title=\"Edit bodytext\" src=\"http:\/\/www.textgrid.de\/typo3\/gfx\/edit_fe.gif\" alt=\"\" width=\"11\" height=\"12\" align=\"top\" border=\"0\" \/><\/a><\/p>\n","protected":false},"excerpt":{"rendered":"<p>Am 14. und 15.05.2012 findet in Darmstadt der diesj\u00e4hrige TextGrid Summit statt. Anla\u00df ist der bevorstehende Release von TextGrid 2.0 mit zahlreichen neuen Tools und Verbesserungen. Die Keynote Speech wird Thomas St\u00e4cker von der Herzog August Bibliothek Wolfenb\u00fcttel halten. Unter dem Motto &#8222;Richtfest im Haus der Digitalen Infrastruktur&#8220; werden jetzige und zuk\u00fcnftige TextGrid-Nutzerinnen und Nutzer [&hellip;]<\/p>\n","protected":false},"author":3,"featured_media":0,"comment_status":"open","ping_status":"open","sticky":false,"template":"","format":"standard","meta":{"footnotes":""},"categories":[11,5,4],"tags":[85,52],"class_list":["post-371","post","type-post","status-publish","format-standard","hentry","category-forschung","category-forschungsinfrastruktur","category-veranstaltungen","tag-darmstadt","tag-textgrid"],"_links":{"self":[{"href":"https:\/\/dhd-blog.org\/index.php?rest_route=\/wp\/v2\/posts\/371","targetHints":{"allow":["GET"]}}],"collection":[{"href":"https:\/\/dhd-blog.org\/index.php?rest_route=\/wp\/v2\/posts"}],"about":[{"href":"https:\/\/dhd-blog.org\/index.php?rest_route=\/wp\/v2\/types\/post"}],"author":[{"embeddable":true,"href":"https:\/\/dhd-blog.org\/index.php?rest_route=\/wp\/v2\/users\/3"}],"replies":[{"embeddable":true,"href":"https:\/\/dhd-blog.org\/index.php?rest_route=%2Fwp%2Fv2%2Fcomments&post=371"}],"version-history":[{"count":5,"href":"https:\/\/dhd-blog.org\/index.php?rest_route=\/wp\/v2\/posts\/371\/revisions"}],"predecessor-version":[{"id":375,"href":"https:\/\/dhd-blog.org\/index.php?rest_route=\/wp\/v2\/posts\/371\/revisions\/375"}],"wp:attachment":[{"href":"https:\/\/dhd-blog.org\/index.php?rest_route=%2Fwp%2Fv2%2Fmedia&parent=371"}],"wp:term":[{"taxonomy":"category","embeddable":true,"href":"https:\/\/dhd-blog.org\/index.php?rest_route=%2Fwp%2Fv2%2Fcategories&post=371"},{"taxonomy":"post_tag","embeddable":true,"href":"https:\/\/dhd-blog.org\/index.php?rest_route=%2Fwp%2Fv2%2Ftags&post=371"}],"curies":[{"name":"wp","href":"https:\/\/api.w.org\/{rel}","templated":true}]}}