{"id":243,"date":"2012-02-17T11:37:09","date_gmt":"2012-02-17T10:37:09","guid":{"rendered":"http:\/\/dhd-blog.org\/?p=243"},"modified":"2012-02-20T14:44:59","modified_gmt":"2012-02-20T13:44:59","slug":"dariah-clarin-tagung-in-osterreich","status":"publish","type":"post","link":"https:\/\/dhd-blog.org\/?p=243","title":{"rendered":"DARIAH-\/CLARIN-Tagung in \u00d6sterreich"},"content":{"rendered":"<p>Das <a title=\"Link zum Insititut\" href=\"http:\/\/www.oeaw.ac.at\/icltt\/\">Institut f\u00fcr Corpuslinguistik und Texttechnologie (ICLTT)<\/a> der \u00d6sterreichischen Akademie der Wissenschaften und<br \/>\n<a title=\"Link zum Institut\" href=\"http:\/\/www.uni-graz.at\/zim\/\">das Zentrum f\u00fcr Informationsmodellierung in den Geisteswiwssenschaften (ZIM-IG) der Karl Franzens Universit\u00e4t Graz<\/a><br \/>\nladen vom<strong> 21. \u2013 22.02.2012<\/strong> herzlich nach Wien zur Tagung<\/p>\n<p style=\"text-align: center;\">\u201eCLARIN-AT \u2013 DARIAH-AT:<br \/>\nEurop\u00e4ische Forschungsinfrastrukturen in den Geisteswissenschaften\u201c<\/p>\n<p>ein.<\/p>\n<p>N\u00e4here Informationen zur Tagung finden Sie unter folgendem Link:<br \/>\n<a href=\"http:\/\/corpus3.aac.ac.at\/showcase\/index.php\/clarindariahworkshop\">http:\/\/corpus3.aac.ac.at\/showcase\/index.php\/clarindariahworkshop<\/a>.<\/p>\n<p>Ein Zeitschriftenartikel aus der \u201eDer Standard\u201c vom 14. Februar 2012 berichtet auch \u00fcber CLARIN und DARIAH: <a href=\"http:\/\/derstandard.at\/1328507764272\/E-Humanities-Alte-Stolpersteine-neue-Schnittstellen\">http:\/\/derstandard.at\/1328507764272\/E-Humanities-Alte-Stolpersteine-neue-Schnittstellen<\/a><\/p>\n","protected":false},"excerpt":{"rendered":"<p>Das Institut f\u00fcr Corpuslinguistik und Texttechnologie (ICLTT) der \u00d6sterreichischen Akademie der Wissenschaften und das Zentrum f\u00fcr Informationsmodellierung in den Geisteswiwssenschaften (ZIM-IG) der Karl Franzens Universit\u00e4t Graz laden vom 21. \u2013 22.02.2012 herzlich nach Wien zur Tagung \u201eCLARIN-AT \u2013 DARIAH-AT: Europ\u00e4ische Forschungsinfrastrukturen in den Geisteswissenschaften\u201c ein. N\u00e4here Informationen zur Tagung finden Sie unter folgendem Link: http:\/\/corpus3.aac.ac.at\/showcase\/index.php\/clarindariahworkshop. [&hellip;]<\/p>\n","protected":false},"author":34,"featured_media":0,"comment_status":"open","ping_status":"open","sticky":false,"template":"","format":"standard","meta":{"footnotes":""},"categories":[5,4],"tags":[54,53,32],"class_list":["post-243","post","type-post","status-publish","format-standard","hentry","category-forschungsinfrastruktur","category-veranstaltungen","tag-clarin","tag-dariah","tag-osterreich"],"_links":{"self":[{"href":"https:\/\/dhd-blog.org\/index.php?rest_route=\/wp\/v2\/posts\/243","targetHints":{"allow":["GET"]}}],"collection":[{"href":"https:\/\/dhd-blog.org\/index.php?rest_route=\/wp\/v2\/posts"}],"about":[{"href":"https:\/\/dhd-blog.org\/index.php?rest_route=\/wp\/v2\/types\/post"}],"author":[{"embeddable":true,"href":"https:\/\/dhd-blog.org\/index.php?rest_route=\/wp\/v2\/users\/34"}],"replies":[{"embeddable":true,"href":"https:\/\/dhd-blog.org\/index.php?rest_route=%2Fwp%2Fv2%2Fcomments&post=243"}],"version-history":[{"count":12,"href":"https:\/\/dhd-blog.org\/index.php?rest_route=\/wp\/v2\/posts\/243\/revisions"}],"predecessor-version":[{"id":273,"href":"https:\/\/dhd-blog.org\/index.php?rest_route=\/wp\/v2\/posts\/243\/revisions\/273"}],"wp:attachment":[{"href":"https:\/\/dhd-blog.org\/index.php?rest_route=%2Fwp%2Fv2%2Fmedia&parent=243"}],"wp:term":[{"taxonomy":"category","embeddable":true,"href":"https:\/\/dhd-blog.org\/index.php?rest_route=%2Fwp%2Fv2%2Fcategories&post=243"},{"taxonomy":"post_tag","embeddable":true,"href":"https:\/\/dhd-blog.org\/index.php?rest_route=%2Fwp%2Fv2%2Ftags&post=243"}],"curies":[{"name":"wp","href":"https:\/\/api.w.org\/{rel}","templated":true}]}}