{"id":2301,"date":"2013-09-23T13:00:09","date_gmt":"2013-09-23T11:00:09","guid":{"rendered":"http:\/\/dhd-blog.org\/?p=2301"},"modified":"2013-10-31T21:23:44","modified_gmt":"2013-10-31T20:23:44","slug":"3-berliner-gespraeche-zur-digitalen-kunstgeschichte","status":"publish","type":"post","link":"https:\/\/dhd-blog.org\/?p=2301","title":{"rendered":"3. Berliner Gespr\u00e4che zur Digitalen Kunstgeschichte"},"content":{"rendered":"<p>Das <a title=\"Link zum IKB\" href=\"http:\/\/www.kunstgeschichte.hu-berlin.de\/\" target=\"_blank\">Institut f\u00fcr Kunst- und Bildgeschichte<\/a> (IKB) der Humboldt-Universit\u00e4t zu Berlin l\u00e4dt am 18. November 2013 zum dritten Mal zu den &#8222;Berliner Gespr\u00e4chen zur Digitalen Kunstgeschichte&#8220; ein &#8211; diesmal zum Thema <strong>Kultur in Raum und Zeit<\/strong>.<\/p>\n<p><a href=\"https:\/\/dhd-blog.org\/wp-content\/uploads\/2013\/09\/Logo_BGDK3-300x297.jpg\"><img loading=\"lazy\" decoding=\"async\" class=\" wp-image-2303 alignright\" alt=\"Logo_BGDK3-300x297\" src=\"https:\/\/dhd-blog.org\/wp-content\/uploads\/2013\/09\/Logo_BGDK3-300x297.jpg\" width=\"182\" height=\"179\" \/><\/a>Mehr Informationen zur Veranstaltung und das vorl\u00e4ufige Programm gibts unter: <a href=\"http:\/\/www.kunstgeschichte.hu-berlin.de\/2013\/07\/18-november-2013-berliner-gesprache-zur-digitalen-kunstgeschichte-iii-kultur-in-raum-und-zeit\/\" target=\"_blank\">http:\/\/www.kunstgeschichte.hu-berlin.de\/2013\/07\/18-november-2013-berliner-gesprache-zur-digitalen-kunstgeschichte-iii-kultur-in-raum-und-zeit\/<\/a><\/p>\n<p>Die Veranstaltung ist \u00f6ffentlich und kostenlos, um formlose Anmeldung per E-Mail wird gebeten unter: <a href=\"mailto:ikb.bgdk@hu-berlin.de\" target=\"_blank\">ikb.bgdk@hu-berlin.de<\/a><\/p>\n<p><strong>Termin: <\/strong>18.11.2013, 10:00-17:00 Uhr<br \/>\n<strong>Ort:<\/strong> Jakob-und-Wilhelm-Grimm-Zentrum, Auditorium, Geschwister-Scholl-Str. 3, D-10117 Berlin<\/p>\n","protected":false},"excerpt":{"rendered":"<p>Das Institut f\u00fcr Kunst- und Bildgeschichte (IKB) der Humboldt-Universit\u00e4t zu Berlin l\u00e4dt am 18. November 2013 zum dritten Mal zu den &#8222;Berliner Gespr\u00e4chen zur Digitalen Kunstgeschichte&#8220; ein &#8211; diesmal zum Thema Kultur in Raum und Zeit. Mehr Informationen zur Veranstaltung und das vorl\u00e4ufige Programm gibts unter: http:\/\/www.kunstgeschichte.hu-berlin.de\/2013\/07\/18-november-2013-berliner-gesprache-zur-digitalen-kunstgeschichte-iii-kultur-in-raum-und-zeit\/ Die Veranstaltung ist \u00f6ffentlich und kostenlos, um formlose [&hellip;]<\/p>\n","protected":false},"author":46,"featured_media":0,"comment_status":"open","ping_status":"open","sticky":false,"template":"","format":"standard","meta":{"footnotes":""},"categories":[4],"tags":[49,38],"class_list":["post-2301","post","type-post","status-publish","format-standard","hentry","category-veranstaltungen","tag-berlin","tag-kunstgeschichte"],"_links":{"self":[{"href":"https:\/\/dhd-blog.org\/index.php?rest_route=\/wp\/v2\/posts\/2301","targetHints":{"allow":["GET"]}}],"collection":[{"href":"https:\/\/dhd-blog.org\/index.php?rest_route=\/wp\/v2\/posts"}],"about":[{"href":"https:\/\/dhd-blog.org\/index.php?rest_route=\/wp\/v2\/types\/post"}],"author":[{"embeddable":true,"href":"https:\/\/dhd-blog.org\/index.php?rest_route=\/wp\/v2\/users\/46"}],"replies":[{"embeddable":true,"href":"https:\/\/dhd-blog.org\/index.php?rest_route=%2Fwp%2Fv2%2Fcomments&post=2301"}],"version-history":[{"count":3,"href":"https:\/\/dhd-blog.org\/index.php?rest_route=\/wp\/v2\/posts\/2301\/revisions"}],"predecessor-version":[{"id":2305,"href":"https:\/\/dhd-blog.org\/index.php?rest_route=\/wp\/v2\/posts\/2301\/revisions\/2305"}],"wp:attachment":[{"href":"https:\/\/dhd-blog.org\/index.php?rest_route=%2Fwp%2Fv2%2Fmedia&parent=2301"}],"wp:term":[{"taxonomy":"category","embeddable":true,"href":"https:\/\/dhd-blog.org\/index.php?rest_route=%2Fwp%2Fv2%2Fcategories&post=2301"},{"taxonomy":"post_tag","embeddable":true,"href":"https:\/\/dhd-blog.org\/index.php?rest_route=%2Fwp%2Fv2%2Ftags&post=2301"}],"curies":[{"name":"wp","href":"https:\/\/api.w.org\/{rel}","templated":true}]}}