{"id":22153,"date":"2025-03-20T12:49:50","date_gmt":"2025-03-20T11:49:50","guid":{"rendered":"https:\/\/dhd-blog.org\/?p=22153"},"modified":"2025-03-20T12:59:41","modified_gmt":"2025-03-20T11:59:41","slug":"gedenken-an-renate-wahrig-burfeind-uebertragung-des-wahrig-woerterbuchs-ins-dwds","status":"publish","type":"post","link":"https:\/\/dhd-blog.org\/?p=22153","title":{"rendered":"Gedenken an Renate Wahrig-Burfeind \u2013 \u00dcbertragung des Wahrig-W\u00f6rterbuchs ins DWDS"},"content":{"rendered":"\n<p><strong>Festakt am 25. April 2025 um 17:30 Uhr.<\/strong><\/p>\n<p><strong><span class=\"event-location\">Akademiegeb\u00e4ude am Gendarmenmarkt, Einstein-Saal, J\u00e4gerstra\u00dfe 22\/23, 10117 Berlin.<\/span><\/strong><\/p>\n\n\n\n<p>Am 6. Februar 2022 ist Renate Wahrig-Burfeind nach schwerer Krankheit verstorben. Sie hatte seit 2016 am \u201eDigitalen W\u00f6rterbuch der deutschen Sprache\u201c (DWDS) mitgewirkt und es in unerm\u00fcdlicher Arbeit um \u00fcber 3.000 Eintr\u00e4ge erweitert. Ihre lebenslange berufliche T\u00e4tigkeit stand im Zeichen der Transformation des klassischen W\u00f6rterbuchs hin zum modernen plattform\u00fcbergreifenden Medium.<\/p>\n\n\n\n<p style=\"text-align: center\"><strong>***<\/strong><\/p>\n\n\n\n<p>Nach dem Tod ihres Vaters Gerhard Wahrig (1923\u20131978) hatte sie die Weiterentwicklung seines lexikographischen Werks und dessen \u00dcberf\u00fchrung in die Welt des Digitalen \u00e4u\u00dferst engagiert weiterbetrieben. Die Substanz des \u201eWAHRIG Deutsches W\u00f6rterbuch\u201c wird im DWDS in zweifacher Hinsicht eine neue Heimat finden: Ausgew\u00e4hlte Eintr\u00e4ge werden eine weitere Grundlage f\u00fcr Aktualisierungen im DWDS-W\u00f6rterbuch bilden. Das Wahrig-W\u00f6rterbuch wird dar\u00fcber hinaus als historischer Meilenstein der Lexikographie des 20. Jahrhunderts im DWDS abfragbar sein.<\/p>\n<p>Am Abend des 25. April 2025 erwartet Sie: ein R\u00fcckblick auf die Geschichte der Wahrig-W\u00f6rterb\u00fccher, eine W\u00fcrdigung des Lebens und Wirkens von Renate Wahrig-Burfeind, ein Beitrag zur Zukunft des Wahrig-W\u00f6rterbuchs auf der Webplattform des DWDS sowie ein Festvortrag zur Rolle der Lexikographie in der Gesellschaft. Zudem wird feine Musik zu h\u00f6ren sein. Im Anschluss an das Programm haben Sie bei Getr\u00e4nken und Snacks Gelegenheit zum Austausch.<\/p>\n<p>Mit\u00a0<strong>Jochen B\u00e4r<\/strong> (Vorsitzender der Gesellschaft f\u00fcr deutsche Sprache), <strong>Sophie Burfeind<\/strong> (brand eins), <strong>Alexander Geyken<\/strong> (BBAW), <strong>Undine Kramer<\/strong> (BBAW), <strong>Bernhard Roll<\/strong> (BBAW)<br \/><br \/>Moderation: <strong>Lothar Lemnitzer<\/strong> (BBAW)<br \/>Musik:\u00a0<strong>Youjung Lee<\/strong> (Oboe), <strong>Insa Bernds<\/strong> (Klavier)<\/p>\n\n\n\n<p>F\u00fcr die <strong>Anmeldung<\/strong> zur Veranstaltung nutzen Sie bitte das Anmeldeformular unter <a href=\"https:\/\/www.dwds.de\/festakt-wahrig\">www.dwds.de\/festakt-wahrig<\/a>.<\/p>\n\n\n\n<figure class=\"wp-block-image size-large\"><a href=\"https:\/\/dhd-blog.org\/app\/uploads\/2025\/03\/Werbung_Wahrig-scaled-e1742471650909.jpg\"><img loading=\"lazy\" decoding=\"async\" width=\"1024\" height=\"574\" src=\"https:\/\/dhd-blog.org\/app\/uploads\/2025\/03\/Werbung_Wahrig-scaled-e1742471639581-1024x574.jpg\" alt=\"\" class=\"wp-image-22154\" \/><\/a><\/figure>\n","protected":false},"excerpt":{"rendered":"<p>Festakt am 25. April 2025 um 17:30 Uhr. Akademiegeb\u00e4ude am Gendarmenmarkt, Einstein-Saal, J\u00e4gerstra\u00dfe 22\/23, 10117 Berlin. Am 6. Februar 2022 ist Renate Wahrig-Burfeind nach schwerer Krankheit verstorben. Sie hatte seit 2016 am \u201eDigitalen W\u00f6rterbuch der deutschen Sprache\u201c (DWDS) mitgewirkt und es in unerm\u00fcdlicher Arbeit um \u00fcber 3.000 Eintr\u00e4ge erweitert. Ihre lebenslange berufliche T\u00e4tigkeit stand im [&hellip;]<\/p>\n","protected":false},"author":311,"featured_media":0,"comment_status":"open","ping_status":"open","sticky":false,"template":"","format":"standard","meta":{"footnotes":""},"categories":[4],"tags":[759,1203,946,1281],"class_list":["post-22153","post","type-post","status-publish","format-standard","hentry","category-veranstaltungen","tag-bbaw","tag-dwds","tag-zdl","tag-zentrum-sprache-der-bbaw"],"_links":{"self":[{"href":"https:\/\/dhd-blog.org\/index.php?rest_route=\/wp\/v2\/posts\/22153","targetHints":{"allow":["GET"]}}],"collection":[{"href":"https:\/\/dhd-blog.org\/index.php?rest_route=\/wp\/v2\/posts"}],"about":[{"href":"https:\/\/dhd-blog.org\/index.php?rest_route=\/wp\/v2\/types\/post"}],"author":[{"embeddable":true,"href":"https:\/\/dhd-blog.org\/index.php?rest_route=\/wp\/v2\/users\/311"}],"replies":[{"embeddable":true,"href":"https:\/\/dhd-blog.org\/index.php?rest_route=%2Fwp%2Fv2%2Fcomments&post=22153"}],"version-history":[{"count":9,"href":"https:\/\/dhd-blog.org\/index.php?rest_route=\/wp\/v2\/posts\/22153\/revisions"}],"predecessor-version":[{"id":22165,"href":"https:\/\/dhd-blog.org\/index.php?rest_route=\/wp\/v2\/posts\/22153\/revisions\/22165"}],"wp:attachment":[{"href":"https:\/\/dhd-blog.org\/index.php?rest_route=%2Fwp%2Fv2%2Fmedia&parent=22153"}],"wp:term":[{"taxonomy":"category","embeddable":true,"href":"https:\/\/dhd-blog.org\/index.php?rest_route=%2Fwp%2Fv2%2Fcategories&post=22153"},{"taxonomy":"post_tag","embeddable":true,"href":"https:\/\/dhd-blog.org\/index.php?rest_route=%2Fwp%2Fv2%2Ftags&post=22153"}],"curies":[{"name":"wp","href":"https:\/\/api.w.org\/{rel}","templated":true}]}}