{"id":21048,"date":"2024-06-12T11:43:36","date_gmt":"2024-06-12T09:43:36","guid":{"rendered":"https:\/\/dhd-blog.org\/?p=21048"},"modified":"2024-06-14T11:01:19","modified_gmt":"2024-06-14T09:01:19","slug":"wissenschaft-auf-die-ohren-workshop-zu-formaten-und-etablierung-von-wissenschaftspodcasts","status":"publish","type":"post","link":"https:\/\/dhd-blog.org\/?p=21048","title":{"rendered":"Wissenschaft auf die Ohren &#8211; Workshop zu Formaten und Etablierung von Wissenschaftspodcasts"},"content":{"rendered":"\n<p><a href=\"https:\/\/dhd-blog.org\/app\/uploads\/2024\/06\/WissPod_Workshop2024_300ppi.png\"><img loading=\"lazy\" decoding=\"async\" class=\"alignnone size-large wp-image-21075\" src=\"https:\/\/dhd-blog.org\/app\/uploads\/2024\/06\/WissPod_Workshop2024_300ppi-1024x576.png\" alt=\"Ein Poster f\u00fcr einen Workshop mit dem Titel \u201eWissenschaft auf die Ohren\u201c. Der Workshop zu Formaten und Etablierung von Wissenschaftspodcasts findet am 18.-19. Juli 2024 statt. Das Poster ist farbenfroh gestaltet, mit Abschnitten in Pink, Gr\u00fcn, Gelb und Schwarz. Es zeigt Bilder von Mikrofonen, einer Schallplatte und Menschen, die Audioausr\u00fcstung benutzen. Organisiert wird der Workshop von Dr. Jacqueline Klusik-Eckert und Prof. Dr. Ulrike Wuttke von der Fachhochschule Potsdam.\" width=\"900\" height=\"506\" srcset=\"https:\/\/dhd-blog.org\/app\/uploads\/2024\/06\/WissPod_Workshop2024_300ppi-1024x576.png 1024w, https:\/\/dhd-blog.org\/app\/uploads\/2024\/06\/WissPod_Workshop2024_300ppi-300x169.png 300w, https:\/\/dhd-blog.org\/app\/uploads\/2024\/06\/WissPod_Workshop2024_300ppi-768x432.png 768w, https:\/\/dhd-blog.org\/app\/uploads\/2024\/06\/WissPod_Workshop2024_300ppi-1536x864.png 1536w, https:\/\/dhd-blog.org\/app\/uploads\/2024\/06\/WissPod_Workshop2024_300ppi-2048x1152.png 2048w\" sizes=\"auto, (max-width: 900px) 100vw, 900px\" \/><\/a><\/p>\n\n\n\n<p>18.-19. Juli 2024&nbsp;an der Fachhochschule Potsdam<\/p>\n\n\n\n<p>Organisation und Konzeption: Dr. Jacqueline Klusik-Eckert, Prof. Dr. Ulrike Wuttke<\/p>\n\n\n\n<p>Podcasts haben sich in den letzten Jahren als dynamisches Medium f\u00fcr die Wissenschaftskommunikation erwiesen. Sie bieten Wissenschaftler*innen, Projekten und Forschungsinstitutionen eine direkte, flexible und pers\u00f6nliche Methode, um komplexe Themen sowohl einem breiten Publikum als auch der eigenen Fachcommunity zug\u00e4nglich zu machen. Komplexe Informationen werden in etablierten Formaten auf leicht verst\u00e4ndliche Weise vermittelt. Die informelle und oft leichtg\u00e4ngigere Sprache der sogenannten Laberpodcasts schafft zudem eine Verbindung zwischen den Zuh\u00f6renden und den Sprechenden, die in traditionelleren Medien oft schwer zu erreichen ist. In einer Welt, in der die Zug\u00e4nglichkeit von Wissenschaft und Forschung immer wichtiger wird, haben Podcasts ein hohes Potenzial f\u00fcr die Demokratisierung von Wissen. Als Open Science-Praktik der Wissenschaftskommunikation tragen sie dazu bei, den Zugang zu Wissen und Wissenschaft zu f\u00f6rdern und die Diskussion \u00fcber wissenschaftliche Themen auch \u00fcber akademische Kreise hinauszutragen.<\/p>\n\n\n\n<p>Unser Workshop zielt darauf ab, eine Plattform f\u00fcr den Austausch zwischen aktiven Podcaster*innen und Vertreter*innen wissenschaftlichen Institutionen (Forschungseinrichtungen, Bibliotheken etc.) zu bieten, um Erfahrungen zu teilen, neue Ideen zu entwickeln und Forschung im Bereich Wissenschaftspodcasts zu initiieren. Im Mittelpunkt des Workshops soll interdisziplin\u00e4res Community Building rundum Wissenschaftspodcasts im Zeichen des fokussierten Austauschs zu den Schwerpunkten Formate und Etablierung als Medium der Wissenschaftskommunikation stehen.&nbsp;<\/p>\n\n\n\n<h2 class=\"wp-block-heading\">Programm<\/h2>\n\n\n\n<h3><span style=\"font-weight: 400\">18.07.2024, Donnerstag: Fokus Format<\/span><\/h3>\n<table style=\"border-collapse: collapse;width: 100%;height: 348px\">\n<tbody>\n<tr style=\"height: 23px\">\n<td style=\"width: 16.6667%;height: 23px\"><span style=\"font-weight: 400\">13:00 Uhr<\/span><\/td>\n<td style=\"width: 83.3333%;height: 23px\"><span style=\"font-weight: 400\">Begr\u00fc\u00dfung<\/span><\/td>\n<\/tr>\n<tr style=\"height: 70px\">\n<td style=\"width: 16.6667%;height: 70px\"><span style=\"font-weight: 400\">13:30 Uhr<\/span><\/td>\n<td style=\"width: 83.3333%;height: 70px\"><span style=\"font-weight: 400\">Jonathan D. Geiger (Akademie der Wissenschaften und Literatur, Mainz), Lisa Kolodzie, Jascha Schmitz (HU Berlin), Mareike Schumacher (Universit\u00e4t Stuttgart): RaDiHum20 \u2013 Erfahrungen eines Community-Podcasts<\/span><\/td>\n<\/tr>\n<tr style=\"height: 23px\">\n<td style=\"width: 16.6667%;height: 23px\"><span style=\"font-weight: 400\">14:00 Uhr<\/span><\/td>\n<td style=\"width: 83.3333%;height: 23px\"><span style=\"font-weight: 400\">Sharon Hundehege (FH Potsdam): Podcast aus dem Archiv<\/span><\/td>\n<\/tr>\n<tr style=\"height: 70px\">\n<td style=\"width: 16.6667%;height: 70px\"><span style=\"font-weight: 400\">14:30 Uhr<\/span><\/td>\n<td style=\"width: 83.3333%;height: 70px\"><span style=\"font-weight: 400\">Ulrike Wuttke (FH Potsdam): From Global to Local? Perspektiven und Herausforderungen f\u00fcr eine Podcastreihe im Rahmen eines multimedialen Sammelbands\u00a0<\/span><\/td>\n<\/tr>\n<tr style=\"height: 23px\">\n<td style=\"width: 16.6667%;height: 23px\"><span style=\"font-weight: 400\">15:00 Uhr<\/span><\/td>\n<td style=\"width: 83.3333%;height: 23px\"><span style=\"font-weight: 400\">Pause<\/span><\/td>\n<\/tr>\n<tr style=\"height: 70px\">\n<td style=\"width: 16.6667%;height: 70px\"><span style=\"font-weight: 400\">15:30 Uhr<\/span><\/td>\n<td style=\"width: 83.3333%;height: 70px\"><span style=\"font-weight: 400\">Mareike Schumacher (Universit\u00e4t Stuttgart), Melanie Seltmann (Humboldt-Universit\u00e4t zu Berlin), Ulrike Wuttke (Fachhochschule Potsdam): Potenziale von Podcasts f\u00fcr die Dissemination von Digital Humanities<\/span><\/td>\n<\/tr>\n<tr style=\"height: 23px\">\n<td style=\"width: 16.6667%;height: 23px\"><span style=\"font-weight: 400\">16:00 Uhr<\/span>\u00a0<\/td>\n<td style=\"width: 83.3333%;height: 23px\"><span style=\"font-weight: 400\">Kreativsession: Formate f\u00fcr Wissenschaftspodcasts<\/span><\/td>\n<\/tr>\n<tr style=\"height: 23px\">\n<td style=\"width: 16.6667%;height: 23px\"><span style=\"font-weight: 400\">18:00 Uhr<\/span><\/td>\n<td style=\"width: 83.3333%;height: 23px\"><span style=\"font-weight: 400\">Gemeinsames Pizzaessen<\/span><\/td>\n<\/tr>\n<tr style=\"height: 23px\">\n<td style=\"width: 16.6667%;height: 23px\"><span style=\"font-weight: 400\">19:00 Uhr<\/span><\/td>\n<td style=\"width: 83.3333%;height: 23px\">\u00a0<span style=\"font-weight: 400\">Kamingespr\u00e4ch im Campusgarten mit Tessa Gengnagel (Universit\u00e4t K\u00f6ln)\u00a0<\/span><\/td>\n<\/tr>\n<\/tbody>\n<\/table>\n<h3><span style=\"font-weight: 400\">19.07.2024, Freitag: Fokus Etablierung als Medium der Wissenschaftskommunikation<\/span><\/h3>\n<table style=\"border-collapse: collapse;width: 100%;height: 207px\">\n<tbody>\n<tr style=\"height: 23px\">\n<td style=\"width: 16.3095%;height: 36px\"><span style=\"font-weight: 400\">9:00 Uhr<\/span><\/td>\n<td style=\"width: 83.6905%;height: 36px\"><span style=\"font-weight: 400\">Start in den Tag<\/span><\/td>\n<\/tr>\n<tr style=\"height: 640px\">\n<td style=\"width: 16.3095%;height: 10px\"><span style=\"font-weight: 400\">9:15 Uhr<\/span><\/td>\n<td style=\"width: 83.6905%;height: 10px\">\n<p><span style=\"font-weight: 400\">Impulse Infrastrukturen und wissenschaftliche Datenbanken mit<\/span><\/p>\n<p><span style=\"font-weight: 400\">Jakob Reuster (Bayerische Staatsbibliothek M\u00fcnchen, Fachinformationsdienst Ost-, Ostmittel- und S\u00fcdosteuropa): Nachweis von wissenschaftlichen Podcasts mit Osteuropabezug im Forschungsportal osmikon\u00a0<\/span><\/p>\n<p><span style=\"font-weight: 400\">Stella Philipp (S\u00e4chsische Landesbibliothek \u2013 Staats- und Universit\u00e4tsbibliothek Dresden): Infrastrukturen f\u00fcr Produktion und Nachweis von Wissenschaftspodcasts an der SLUB Dresden\u00a0<\/span><\/p>\n<p><span style=\"font-weight: 400\">Jens K\u00f6sters, Carolin Eisentraut, Matti St\u00f6hr (TIB \u2013 Leibniz-Informationszentrum Technik und Naturwissenschaften: und Universit\u00e4tsbibliothek): SciPAI: Zur Idee eines KI-gest\u00fctzten Infrastrukturframeworks f\u00fcr Wissenschaftspodcasts<\/span><\/p>\n<\/td>\n<\/tr>\n<tr style=\"height: 23px\">\n<td style=\"width: 16.3095%;height: 23px\"><span style=\"font-weight: 400\">10:45 Uhr<\/span><\/td>\n<td style=\"width: 83.6905%;height: 23px\"><span style=\"font-weight: 400\">Pause<\/span><\/td>\n<\/tr>\n<tr style=\"height: 23px\">\n<td style=\"width: 16.3095%;height: 23px\"><span style=\"font-weight: 400\">11:00 Uhr<\/span><\/td>\n<td style=\"width: 83.6905%;height: 23px\"><span style=\"font-weight: 400\">Alexander Winkler (digiS, dem Forschungs- und Kompetenzzentrum Digitalisierung Berlin): Podrot? Die Langzeitverf\u00fcgbarkeit von Podcasts als Herausforderung<\/span><\/td>\n<\/tr>\n<tr style=\"height: 23px\">\n<td style=\"width: 16.3095%;height: 23px\"><span style=\"font-weight: 400\">11:30 Uhr<\/span><\/td>\n<td style=\"width: 83.6905%;height: 23px\"><span style=\"font-weight: 400\">Jacqueline Klusik-Eckert (HHU D\u00fcsseldorf): Der Traum von einer All-in-One-L\u00f6sung?<\/span><\/td>\n<\/tr>\n<tr style=\"height: 23px\">\n<td style=\"width: 16.3095%;height: 23px\"><span style=\"font-weight: 400\">12:00 Uhr<\/span>\u00a0<\/td>\n<td style=\"width: 83.6905%;height: 23px\"><span style=\"font-weight: 400\">Pause<\/span><\/td>\n<\/tr>\n<tr style=\"height: 23px\">\n<td style=\"width: 16.3095%;height: 23px\"><span style=\"font-weight: 400\">13:00 Uhr<\/span><\/td>\n<td style=\"width: 83.6905%;height: 23px\"><span style=\"font-weight: 400\">Julia Panzer (Wissenschaft im Dialog): Wissen, was wirkt &#8211; Evaluation und Impact wissenschaftlicher Podcasts<\/span><\/td>\n<\/tr>\n<tr style=\"height: 23px\">\n<td style=\"width: 16.3095%;height: 23px\"><span style=\"font-weight: 400\">13:30 Uhr<\/span><\/td>\n<td style=\"width: 83.6905%;height: 23px\"><span style=\"font-weight: 400\">Schreibsession: Nachhaltiges Wissenschaftspodcasting und die FAIR-Prinzipien<\/span><\/td>\n<\/tr>\n<tr style=\"height: 23px\">\n<td style=\"width: 16.3095%;height: 23px\"><span style=\"font-weight: 400\">14:30 Uhr <\/span><\/td>\n<td style=\"width: 83.6905%;height: 23px\"><span style=\"font-weight: 400\">Abschied und Schluss<\/span><\/td>\n<\/tr>\n<\/tbody>\n<\/table>\n<p>\u00a0<\/p>\n<p><span style=\"font-weight: 400\">Es gibt auch einige Pl\u00e4tze f\u00fcr Teilnehmer*innen ohne eigenen Beitrag. Die Teilnahme ist kostenfrei, aus Kapazit\u00e4tsgr\u00fcnden ist eine Anmeldung unter wisspod-workshop@listserv.dfn.de jedoch zwingend notwendig. <\/span><\/p>\n<p><span style=\"font-weight: 400\">Die Anmeldedeadline ist der 11.07.2024. Wir benachrichtigen Sie so schnell wie m\u00f6glich.<\/span><\/p>\n<p>\u00a0<\/p>\n<p>\u00a0<\/p>\n<p>\u00a0<\/p>\n","protected":false},"excerpt":{"rendered":"<p>18.-19. Juli 2024&nbsp;an der Fachhochschule Potsdam Organisation und Konzeption: Dr. Jacqueline Klusik-Eckert, Prof. Dr. Ulrike Wuttke Podcasts haben sich in den letzten Jahren als dynamisches Medium f\u00fcr die Wissenschaftskommunikation erwiesen. Sie bieten Wissenschaftler*innen, Projekten und Forschungsinstitutionen eine direkte, flexible und pers\u00f6nliche Methode, um komplexe Themen sowohl einem breiten Publikum als auch der eigenen Fachcommunity zug\u00e4nglich [&hellip;]<\/p>\n","protected":false},"author":283,"featured_media":21075,"comment_status":"open","ping_status":"open","sticky":false,"template":"","format":"standard","meta":{"footnotes":""},"categories":[1],"tags":[],"class_list":["post-21048","post","type-post","status-publish","format-standard","has-post-thumbnail","hentry","category-allgemein"],"_links":{"self":[{"href":"https:\/\/dhd-blog.org\/index.php?rest_route=\/wp\/v2\/posts\/21048","targetHints":{"allow":["GET"]}}],"collection":[{"href":"https:\/\/dhd-blog.org\/index.php?rest_route=\/wp\/v2\/posts"}],"about":[{"href":"https:\/\/dhd-blog.org\/index.php?rest_route=\/wp\/v2\/types\/post"}],"author":[{"embeddable":true,"href":"https:\/\/dhd-blog.org\/index.php?rest_route=\/wp\/v2\/users\/283"}],"replies":[{"embeddable":true,"href":"https:\/\/dhd-blog.org\/index.php?rest_route=%2Fwp%2Fv2%2Fcomments&post=21048"}],"version-history":[{"count":5,"href":"https:\/\/dhd-blog.org\/index.php?rest_route=\/wp\/v2\/posts\/21048\/revisions"}],"predecessor-version":[{"id":21076,"href":"https:\/\/dhd-blog.org\/index.php?rest_route=\/wp\/v2\/posts\/21048\/revisions\/21076"}],"wp:featuredmedia":[{"embeddable":true,"href":"https:\/\/dhd-blog.org\/index.php?rest_route=\/wp\/v2\/media\/21075"}],"wp:attachment":[{"href":"https:\/\/dhd-blog.org\/index.php?rest_route=%2Fwp%2Fv2%2Fmedia&parent=21048"}],"wp:term":[{"taxonomy":"category","embeddable":true,"href":"https:\/\/dhd-blog.org\/index.php?rest_route=%2Fwp%2Fv2%2Fcategories&post=21048"},{"taxonomy":"post_tag","embeddable":true,"href":"https:\/\/dhd-blog.org\/index.php?rest_route=%2Fwp%2Fv2%2Ftags&post=21048"}],"curies":[{"name":"wp","href":"https:\/\/api.w.org\/{rel}","templated":true}]}}