{"id":19910,"date":"2023-09-11T08:47:43","date_gmt":"2023-09-11T06:47:43","guid":{"rendered":"https:\/\/dhd-blog.org\/?p=19910"},"modified":"2023-09-11T08:48:21","modified_gmt":"2023-09-11T06:48:21","slug":"oral-history-digital-interviewportal-erschliessungsplattform-forschungsumgebung-release-workshop-am-25-9-in-berlin","status":"publish","type":"post","link":"https:\/\/dhd-blog.org\/?p=19910","title":{"rendered":"Oral-History.Digital. Interviewportal &#8211; Erschlie\u00dfungsplattform &#8211; Forschungsumgebung. Release-Veranstaltung am 25.9. in Berlin."},"content":{"rendered":"\n\n\n<p>Am 25. September 2023 ver\u00f6ffentlicht die Freie Universit\u00e4t Berlin das Interviewportal &#8222;Oral-History.Digital&#8220;.&nbsp;<\/p>\n<p>Auf einer Release-Veranstaltung pr\u00e4sentieren wir die in einem dreij\u00e4hrigen DFG-Projekt erarbeitete Infrastruktur f\u00fcr audiovisuelle narrative Forschungsdaten. Am Folgetag diskutieren wir auf einem Workshop mit beteiligten Archiven, Forschenden und externen Fachleuten \u00fcber Nutzungsm\u00f6glichkeiten und Perspektiven von &#8222;Oral-History.Digital&#8220;. Beide Veranstaltungen finden vor Ort in Berlin statt und werden live gestramt. Eine Anmeldung ist erforderlich.<\/p>\n<p>Programm, Anmeldung und weitere Informationen unter <a href=\"https:\/\/www.oral-history.digital\/eroeffnung\/index.html\">https:\/\/www.oral-history.digital\/eroeffnung\/index.html<\/a>.<\/p>\n\n\n\n<h3>Oral-History.Digital &#8211; Er\u00f6ffnung und Workshop, 25.\/26.9.2023 in Berlin<\/h3>\n<div class=\"editor-content hyphens\">\n<h3>Er\u00f6ffnungsveranstaltung<br>Montag, 25.9.2023, 14 \u2013 17 Uhr<\/h3>\n<ul>\n<li>Freie Universit\u00e4t Berlin, H\u00f6rsaal B im Henry-Ford-Bau, Garystra\u00dfe 35, 14195 Berlin-Dahlem<\/li>\n<\/ul>\n<p><strong>14:00 &#8211; 14:15&nbsp;&nbsp; &nbsp;Begr\u00fc\u00dfung und Gru\u00dfworte<\/strong><br>Prof. Dr. G\u00fcnter Ziegler (Pr\u00e4sident der Freien Universit\u00e4t Berlin),<br>Dr. Andreas Brandtner (Universit\u00e4tsbibliothek der Freien Universit\u00e4t Berlin)<\/p>\n<p><strong>14:15 &#8211; 15:45&nbsp;&nbsp; &nbsp;Oral-History.Digital: Erschlie\u00dfungsplattform \u2013 Interviewportal \u2013 Forschungsdateninfrastruktur<\/strong><br>F\u00fcr das Projektteam: Prof. Dr. Andreas Henrich (Bamberg), Dr. Almut Leh (Hagen), Prof. Dr. Julia Obertreis (Erlangen), Dr. Cord Pagenstecher (Berlin), PD Dr. Florian Schiel (M\u00fcnchen)<\/p>\n<p><strong>15:45 &#8211; 16:15&nbsp;&nbsp; &nbsp;Kaffeepause<\/strong><\/p>\n<p><strong>16:15 &#8211; 17:00&nbsp;&nbsp; &nbsp;Erlebte Geschichte: Eine Oral History der Freien Universit\u00e4t Berlin<\/strong><br>Dr. Doris Tausendfreund (Freie Universit\u00e4t Berlin)<\/p>\n<p>Wenn Sie nicht pers\u00f6nlich an der Veranstaltung in Berlin teilnehmen k\u00f6nnen, wird es die M\u00f6glichkeit geben, die Er\u00f6ffnungsveranstaltung \u00fcber einen&nbsp;Live-Stream&nbsp;zu verfolgen.<\/p>\n<h3>Abendveranstaltung<br>Montag, 25.9.2023, 18:30 \u2013 21 Uhr (ausgebucht)<\/h3>\n<ul>\n<li>Dokumentationszentrum &#8222;Flucht, Vertreibung, Vers\u00f6hnung&#8220;, Stresemannstra\u00dfe 90, 10963 Berlin-Kreuzberg<\/li>\n<\/ul>\n<p><strong>18:30 &#8211; 19:45&nbsp;&nbsp; &nbsp;Zeitzeugeninterviews in der Ausstellung. F\u00fchrung und Gespr\u00e4ch<\/strong><br>Barbara Kurowska, Dr. Nils K\u00f6hler (Dokumentationszentrum Flucht, Vertreibung, Vers\u00f6hnung, Berlin)<\/p>\n<p><strong>19:45 &#8211; 21:00&nbsp;&nbsp; &nbsp;Empfang und Fingerfood<\/strong><\/p>\n<p>Diese Veranstaltung wird durchgef\u00fchrt in Kooperation mit dem Zeitzeugenarchiv des Dokumentationszentrums &#8222;Flucht, Vertreibung, Vers\u00f6hnung&#8220; als einem der Pilotarchive in &#8222;Oral-History.Digital&#8220;.<\/p>\n<h3>Workshop<br>Dienstag, 26.9.2023, 9 \u2013 14 Uhr (vor Ort ausgebucht)<\/h3>\n<ul>\n<li>Freie Universit\u00e4t Berlin, Senatssaal im Henry-Ford-Bau, Garystra\u00dfe 35, 14195 Berlin-Dahlem<\/li>\n<\/ul>\n<p><strong>09:00 &#8211; 09:30&nbsp;&nbsp; &nbsp;Das Fortunoff Video Archive of Holocaust Testimonies zwischen empathischem Zuh\u00f6ren und digitaler Technologie<\/strong><br>Stephen Naron (Fortunoff Archive, Yale University)<\/p>\n<p><strong>09:30 &#8211; 10:30&nbsp;&nbsp; &nbsp;Die Vielfalt der Pilotarchive. Ein Rundgang durch das Interviewportal<\/strong><br>Sammlungsinhaber*innen und Partnerinstitutionen<br>Moderation: Herdis Kley (Berlin)<\/p>\n<p><strong>10:30 &#8211; 11:00&nbsp;&nbsp; &nbsp;NFDI4Memory \u2013 Nationale Forschungsdateninfrastruktur und Oral History<\/strong><br>Dr. Katrin Moeller (Historisches Datenzentrum Sachsen-Anhalt an der Martin-Luther-Universit\u00e4t Halle-Wittenberg)<\/p>\n<p><strong>11:00 &#8211; 11:30&nbsp;&nbsp; &nbsp;Kaffeepause<\/strong><\/p>\n<p><strong>11:30 &#8211; 13:00&nbsp;&nbsp; &nbsp;Oral History und Sekund\u00e4ranalyse<\/strong><br>Dr. Cordia Schlegelmilch (Berlin), Dr. Clemens Villinger (Berlin): Die lange Geschichte der Wende. Oral-History-Interviews in Prim\u00e4r- und Sekund\u00e4rforschung<br>Philipp Bayerschmidt (Erlangen), Dr. Dennis M\u00f6bus (Hagen): Migrationserfahrung. Oral History und Topic Modeling<br>Einf\u00fchrung und Moderation: Dr. Linde Apel (Hamburg)<\/p>\n<p><strong>13:00 &#8211; 13:30&nbsp;&nbsp; &nbsp;Abschlussdiskussion<\/strong><\/p>\n<p><strong>13:30 &#8211; 14:00&nbsp;&nbsp; &nbsp;Mittagsimbiss und Ende<\/strong><\/p>\n<\/div>\n\n\n\n<p>Programm, Anmeldung und weitere Informationen unter <a href=\"https:\/\/www.oral-history.digital\/eroeffnung\/index.html\">https:\/\/www.oral-history.digital\/eroeffnung\/index.html<\/a>.<\/p>\n","protected":false},"excerpt":{"rendered":"<p>Am 25. September 2023 ver\u00f6ffentlicht die Freie Universit\u00e4t Berlin das Interviewportal &#8222;Oral-History.Digital&#8220;.&nbsp; Auf einer Release-Veranstaltung pr\u00e4sentieren wir die in einem dreij\u00e4hrigen DFG-Projekt erarbeitete Infrastruktur f\u00fcr audiovisuelle narrative Forschungsdaten. Am Folgetag diskutieren wir auf einem Workshop mit beteiligten Archiven, Forschenden und externen Fachleuten \u00fcber Nutzungsm\u00f6glichkeiten und Perspektiven von &#8222;Oral-History.Digital&#8220;. Beide Veranstaltungen finden vor Ort in Berlin [&hellip;]<\/p>\n","protected":false},"author":276,"featured_media":0,"comment_status":"open","ping_status":"open","sticky":false,"template":"","format":"standard","meta":{"footnotes":""},"categories":[1],"tags":[],"class_list":["post-19910","post","type-post","status-publish","format-standard","hentry","category-allgemein"],"_links":{"self":[{"href":"https:\/\/dhd-blog.org\/index.php?rest_route=\/wp\/v2\/posts\/19910","targetHints":{"allow":["GET"]}}],"collection":[{"href":"https:\/\/dhd-blog.org\/index.php?rest_route=\/wp\/v2\/posts"}],"about":[{"href":"https:\/\/dhd-blog.org\/index.php?rest_route=\/wp\/v2\/types\/post"}],"author":[{"embeddable":true,"href":"https:\/\/dhd-blog.org\/index.php?rest_route=\/wp\/v2\/users\/276"}],"replies":[{"embeddable":true,"href":"https:\/\/dhd-blog.org\/index.php?rest_route=%2Fwp%2Fv2%2Fcomments&post=19910"}],"version-history":[{"count":6,"href":"https:\/\/dhd-blog.org\/index.php?rest_route=\/wp\/v2\/posts\/19910\/revisions"}],"predecessor-version":[{"id":19916,"href":"https:\/\/dhd-blog.org\/index.php?rest_route=\/wp\/v2\/posts\/19910\/revisions\/19916"}],"wp:attachment":[{"href":"https:\/\/dhd-blog.org\/index.php?rest_route=%2Fwp%2Fv2%2Fmedia&parent=19910"}],"wp:term":[{"taxonomy":"category","embeddable":true,"href":"https:\/\/dhd-blog.org\/index.php?rest_route=%2Fwp%2Fv2%2Fcategories&post=19910"},{"taxonomy":"post_tag","embeddable":true,"href":"https:\/\/dhd-blog.org\/index.php?rest_route=%2Fwp%2Fv2%2Ftags&post=19910"}],"curies":[{"name":"wp","href":"https:\/\/api.w.org\/{rel}","templated":true}]}}