{"id":19505,"date":"2023-06-16T09:14:15","date_gmt":"2023-06-16T07:14:15","guid":{"rendered":"https:\/\/dhd-blog.org\/?p=19505"},"modified":"2023-06-16T09:14:15","modified_gmt":"2023-06-16T07:14:15","slug":"einladung-zum-text-plenary-2023-connecting-people-and-data","status":"publish","type":"post","link":"https:\/\/dhd-blog.org\/?p=19505","title":{"rendered":"Einladung zum Text+ Plenary 2023: Connecting People and Data"},"content":{"rendered":"\n\n\n<p><a href=\"https:\/\/dhd-blog.org\/app\/uploads\/2023\/06\/2023-06-15-Shareable-Plenary.png\"><img loading=\"lazy\" decoding=\"async\" class=\"alignnone  wp-image-19508\" src=\"https:\/\/dhd-blog.org\/app\/uploads\/2023\/06\/2023-06-15-Shareable-Plenary-300x300.png\" alt=\"Werbebild Text+ Plenary 2023\" width=\"504\" height=\"504\" srcset=\"https:\/\/dhd-blog.org\/app\/uploads\/2023\/06\/2023-06-15-Shareable-Plenary-300x300.png 300w, https:\/\/dhd-blog.org\/app\/uploads\/2023\/06\/2023-06-15-Shareable-Plenary-1024x1024.png 1024w, https:\/\/dhd-blog.org\/app\/uploads\/2023\/06\/2023-06-15-Shareable-Plenary-150x150.png 150w, https:\/\/dhd-blog.org\/app\/uploads\/2023\/06\/2023-06-15-Shareable-Plenary-768x768.png 768w, https:\/\/dhd-blog.org\/app\/uploads\/2023\/06\/2023-06-15-Shareable-Plenary-1536x1536.png 1536w, https:\/\/dhd-blog.org\/app\/uploads\/2023\/06\/2023-06-15-Shareable-Plenary-2048x2048.png 2048w, https:\/\/dhd-blog.org\/app\/uploads\/2023\/06\/2023-06-15-Shareable-Plenary-50x50.png 50w\" sizes=\"auto, (max-width: 504px) 100vw, 504px\" \/><\/a><\/p>\n<p>Am 28. und 29. September 2023 findet an der <a href=\"https:\/\/www.sub.uni-goettingen.de\/\">Nieders\u00e4chsischen Staats- und Universit\u00e4tsbibliothek G\u00f6ttingen<\/a>\u00a0das zweite Plenary des NFDI-Konsortiums Text+ statt, zu dem die Community mit Mitarbeitenden und Delegierten aus Fachverb\u00e4nden und -verb\u00fcnden zusammenkommt. Alle Interessierten sind herzlich eingeladen! Die Tagung steht unter dem Motto &#8222;Connecting People and Data&#8220;.<\/p>\n<p>Als Konsortium der Nationalen Forschungsdateninfrastruktur (<a href=\"https:\/\/www.nfdi.de\/\">NFDI<\/a>) hat\u00a0<a href=\"https:\/\/www.text-plus.org\/\">Text+<\/a>\u00a0zum Ziel, sprach- und textbasierte Forschungsdaten langfristig zu erhalten und ihre Nutzung in der Wissenschaft zu verbessern. Das\u00a0Text+ Plenary\u00a0ist die wichtigste\u00a0j\u00e4hrlich stattfindende Veranstaltung des NFDI-Konsortiums und bietet allen Mitarbeitenden, Assoziierten, der gesamten Community, weiteren NFDI-Konsortien sowie\u00a0Interessierten innerhalb und au\u00dferhalb der NFDI Raum f\u00fcr Diskussionen, zur Vernetzung und Information. An diese ergeht <strong>herzliche Einladung zur Teilnahme am Text+ Plenary 2023!<\/strong><\/p>\n<p>Das Plenary wird am 28. und 29. September (lunch to lunch) stattfinden und bietet eine gro\u00dfe Auswahl an Vortr\u00e4gen, Podiumsdiskussionen, Arbeitsgruppensitzungen und viel Raum zum gegenseitigen Austausch.<\/p>\n<p><strong>Die <a href=\"https:\/\/events.gwdg.de\/event\/375\/registrations\/289\/\">Anmeldung<\/a> zur Veranstaltung ist ge\u00f6ffnet!<\/strong><\/p>\n<p>Dar\u00fcber hinaus sind zwei Calls zum Plenary: den Call <a href=\"https:\/\/events.gwdg.de\/event\/375\/page\/29-call-junge-forschung\">Junge Forschung@Text+<\/a> und den <a href=\"https:\/\/events.gwdg.de\/event\/375\/page\/31-call-for-posters\">Call for Posters<\/a>. Sie sind herzlich eingeladen, hier beizutragen!<\/p>\n<p>F\u00fcr Informationen zum Programm, Anmeldung, den Calls und vielem mehr besuchen Sie einfach unsere Eventwebsite: <a href=\"https:\/\/events.gwdg.de\/e\/textplus-plenary2023\">https:\/\/events.gwdg.de\/e\/textplus-plenary2023<\/a><\/p>\n<p><a href=\"https:\/\/dhd-blog.org\/app\/uploads\/2023\/06\/Text-Logo-HG-weiss-DT.png\"><img loading=\"lazy\" decoding=\"async\" class=\"alignnone size-medium wp-image-19507\" src=\"https:\/\/dhd-blog.org\/app\/uploads\/2023\/06\/Text-Logo-HG-weiss-DT-300x300.png\" alt=\"Text+ Logo\" width=\"300\" height=\"300\" srcset=\"https:\/\/dhd-blog.org\/app\/uploads\/2023\/06\/Text-Logo-HG-weiss-DT-300x300.png 300w, https:\/\/dhd-blog.org\/app\/uploads\/2023\/06\/Text-Logo-HG-weiss-DT-1024x1024.png 1024w, https:\/\/dhd-blog.org\/app\/uploads\/2023\/06\/Text-Logo-HG-weiss-DT-150x150.png 150w, https:\/\/dhd-blog.org\/app\/uploads\/2023\/06\/Text-Logo-HG-weiss-DT-768x768.png 768w, https:\/\/dhd-blog.org\/app\/uploads\/2023\/06\/Text-Logo-HG-weiss-DT-1536x1536.png 1536w, https:\/\/dhd-blog.org\/app\/uploads\/2023\/06\/Text-Logo-HG-weiss-DT-50x50.png 50w, https:\/\/dhd-blog.org\/app\/uploads\/2023\/06\/Text-Logo-HG-weiss-DT.png 1667w\" sizes=\"auto, (max-width: 300px) 100vw, 300px\" \/><\/a><\/p>\n","protected":false},"excerpt":{"rendered":"<p>Am 28. und 29. September 2023 findet an der Nieders\u00e4chsischen Staats- und Universit\u00e4tsbibliothek G\u00f6ttingen\u00a0das zweite Plenary des NFDI-Konsortiums Text+ statt, zu dem die Community mit Mitarbeitenden und Delegierten aus Fachverb\u00e4nden und -verb\u00fcnden zusammenkommt. Alle Interessierten sind herzlich eingeladen! Die Tagung steht unter dem Motto &#8222;Connecting People and Data&#8220;. Als Konsortium der Nationalen Forschungsdateninfrastruktur (NFDI) hat\u00a0Text+\u00a0zum [&hellip;]<\/p>\n","protected":false},"author":268,"featured_media":17365,"comment_status":"open","ping_status":"open","sticky":false,"template":"","format":"standard","meta":{"footnotes":""},"categories":[1,103,5,4],"tags":[636,588,802,236,1424],"class_list":["post-19505","post","type-post","status-publish","format-standard","has-post-thumbnail","hentry","category-allgemein","category-community","category-forschungsinfrastruktur","category-veranstaltungen","tag-call-for-participation","tag-community","tag-nfdi","tag-tagung","tag-text-2"],"_links":{"self":[{"href":"https:\/\/dhd-blog.org\/index.php?rest_route=\/wp\/v2\/posts\/19505","targetHints":{"allow":["GET"]}}],"collection":[{"href":"https:\/\/dhd-blog.org\/index.php?rest_route=\/wp\/v2\/posts"}],"about":[{"href":"https:\/\/dhd-blog.org\/index.php?rest_route=\/wp\/v2\/types\/post"}],"author":[{"embeddable":true,"href":"https:\/\/dhd-blog.org\/index.php?rest_route=\/wp\/v2\/users\/268"}],"replies":[{"embeddable":true,"href":"https:\/\/dhd-blog.org\/index.php?rest_route=%2Fwp%2Fv2%2Fcomments&post=19505"}],"version-history":[{"count":4,"href":"https:\/\/dhd-blog.org\/index.php?rest_route=\/wp\/v2\/posts\/19505\/revisions"}],"predecessor-version":[{"id":19512,"href":"https:\/\/dhd-blog.org\/index.php?rest_route=\/wp\/v2\/posts\/19505\/revisions\/19512"}],"wp:featuredmedia":[{"embeddable":true,"href":"https:\/\/dhd-blog.org\/index.php?rest_route=\/wp\/v2\/media\/17365"}],"wp:attachment":[{"href":"https:\/\/dhd-blog.org\/index.php?rest_route=%2Fwp%2Fv2%2Fmedia&parent=19505"}],"wp:term":[{"taxonomy":"category","embeddable":true,"href":"https:\/\/dhd-blog.org\/index.php?rest_route=%2Fwp%2Fv2%2Fcategories&post=19505"},{"taxonomy":"post_tag","embeddable":true,"href":"https:\/\/dhd-blog.org\/index.php?rest_route=%2Fwp%2Fv2%2Ftags&post=19505"}],"curies":[{"name":"wp","href":"https:\/\/api.w.org\/{rel}","templated":true}]}}