{"id":19421,"date":"2023-05-22T15:56:04","date_gmt":"2023-05-22T13:56:04","guid":{"rendered":"https:\/\/dhd-blog.org\/?p=19421"},"modified":"2023-05-22T15:56:04","modified_gmt":"2023-05-22T13:56:04","slug":"die-dhd2023-im-rueckblick-eindruecke-und-erfahrungen-aus-sicht-einer-studentin","status":"publish","type":"post","link":"https:\/\/dhd-blog.org\/?p=19421","title":{"rendered":"Die DHd2023 im R\u00fcckblick: Eindr\u00fccke und Erfahrungen aus Sicht einer Studentin"},"content":{"rendered":"\n<p class=\"has-text-align-right\"><em>Lena Ehlers (Universit\u00e4t Stuttgart<\/em>)<\/p>\n\n\n\n<p><em>Nachfolgender Blog-Beitrag ist im Rahmen meines Reisestipendiums f\u00fcr die 9. Jahrestagung des Verbands Digital Humanities im deutschsprachigen Raum (13. bis 17. M\u00e4rz 2023) entstanden. Ich bedanke mich an dieser Stelle  herzlich beim Verein &#8222;Geistes- und Kulturwissenschaftliche Infrastrukturen e. V&#8220; und den Organisator*innen der DHd2023 f\u00fcr das Stipendium und die eindrucksvolle Woche auf der Konferenz.<\/em><\/p>\n\n\n\n<p>Vom 13.03.2023 bis zum 17.03.2023 fand die 9. Jahrestagung des Verbands \u201eDigital Humanities im deutschsprachigen Raum e.V.\u201c (kurz: DHd) an den Universit\u00e4ten Trier und Belval (Luxemburg) statt. Das Thema der diesj\u00e4hrigen DHd lautete \u201eOpen Humanities \u2013 Open Culture\u201c. Nachdem die 8. Jahrestagung mit einem Jahr Versp\u00e4tung im M\u00e4rz 2022 in einem Online-Format stattgefunden hatte, konnte die DHd2023 erfreulicherweise wieder in Pr\u00e4senz veranstaltet werden.<\/p>\n\n\n\n<p>Vor Beginn der Konferenzwoche wusste ich nicht so wirklich, was mich erwarten w\u00fcrde, da ich vor der DHd noch keine Veranstaltung mit vergleichbarem Format besucht hatte. Jedoch konnte ich mir mithilfe des vielf\u00e4ltigen Tagungsprogramms eine Vorstellung davon machen: auf der Agenda standen Vortr\u00e4ge, Workshops, Panels und Poster, die sich alle dem Konferenzthema auf unterschiedlichste Weise n\u00e4herten. F\u00fcr die Workshops musste man sich bereits im Vorfeld anmelden, die restlichen Veranstaltungen konnten spontan besucht werden. Am meisten gespannt war ich auf die Postersession und den Posterslam, da ich ebenfalls ein Poster vorstellen durfte.<\/p>\n\n\n<div class=\"wp-block-image\">\n<figure class=\"aligncenter size-large is-resized\"><a href=\"https:\/\/dhd-blog.org\/app\/uploads\/2023\/05\/Bild1-scaled.jpg\"><img loading=\"lazy\" decoding=\"async\" src=\"https:\/\/dhd-blog.org\/app\/uploads\/2023\/05\/Bild1-1024x768.jpg\" alt=\"\" class=\"wp-image-19431\" width=\"512\" height=\"384\" srcset=\"https:\/\/dhd-blog.org\/app\/uploads\/2023\/05\/Bild1-1024x768.jpg 1024w, https:\/\/dhd-blog.org\/app\/uploads\/2023\/05\/Bild1-300x225.jpg 300w, https:\/\/dhd-blog.org\/app\/uploads\/2023\/05\/Bild1-768x576.jpg 768w, https:\/\/dhd-blog.org\/app\/uploads\/2023\/05\/Bild1-1536x1152.jpg 1536w, https:\/\/dhd-blog.org\/app\/uploads\/2023\/05\/Bild1-2048x1536.jpg 2048w, https:\/\/dhd-blog.org\/app\/uploads\/2023\/05\/Bild1-243x181.jpg 243w\" sizes=\"auto, (max-width: 512px) 100vw, 512px\" \/><\/a><figcaption><strong>Abb. 1:<\/strong> Der Marktplatz in Trier auf dem Weg zum Busshuttle (eigene Aufnahme).<\/figcaption><\/figure><\/div>\n\n\n<p>Nach der Anreise nach Trier begann die DHd 2023 f\u00fcr mich mit der Keynote am Dienstagabend, somit habe ich leider an keinem der Workshops, die Montag und Dienstag stattfanden, teilgenommen. Die Keynote fand an der Universit\u00e4t Luxemburg in Belval statt, zu der uns ein Shuttlebus brachte. Die Modernit\u00e4t der Luxemburger Universit\u00e4t war sehr beeindruckend. Nach einigen Er\u00f6ffnungsreden, unter anderem vom Rektor der Universit\u00e4t Trier und vom Rektor der Universit\u00e4t Luxemburg, wurde die Opening Keynote von den beiden Vortragenden Sebastian Majstorovic &amp; Quinn Dombrowski zum spannenden Thema \u201cOpen Culture meets Digital Activism: Saving Ukrainian Cultural Heritage Online (SUCHO)\u201d gehalten, die einem direkt deutlich gemacht hat, welch wichtigen Aktualit\u00e4tsbezug das Tagungsthema hat.<\/p>\n\n\n\n<p>Am Mittwochmorgen versuchte ich der anf\u00e4nglichen Orientierungslosigkeit und dem Schneetreiben in Trier zu trotzen und den richtigen Teil des Campus zu finden, auf dem die Vortr\u00e4ge stattfinden sollten. Besonders gespannt folgte ich den Vortr\u00e4gen zur Reihe \u201eDigitale Bildwissenschaft\u201c, die interessante Anwendungen k\u00fcnstlicher Intelligenz und Klassifizierungsalgorithmen vorstellten, die ich in meinem Informatikstudium bisher eher aus der theoretischen Perspektive kennengelernt habe.<\/p>\n\n\n<div class=\"wp-block-image\">\n<figure class=\"aligncenter size-large is-resized\"><a href=\"https:\/\/dhd-blog.org\/app\/uploads\/2023\/05\/Bild2-scaled.jpg\"><img loading=\"lazy\" decoding=\"async\" src=\"https:\/\/dhd-blog.org\/app\/uploads\/2023\/05\/Bild2-1024x768.jpg\" alt=\"\" class=\"wp-image-19430\" width=\"512\" height=\"384\" srcset=\"https:\/\/dhd-blog.org\/app\/uploads\/2023\/05\/Bild2-1024x768.jpg 1024w, https:\/\/dhd-blog.org\/app\/uploads\/2023\/05\/Bild2-300x225.jpg 300w, https:\/\/dhd-blog.org\/app\/uploads\/2023\/05\/Bild2-768x576.jpg 768w, https:\/\/dhd-blog.org\/app\/uploads\/2023\/05\/Bild2-1536x1152.jpg 1536w, https:\/\/dhd-blog.org\/app\/uploads\/2023\/05\/Bild2-2048x1536.jpg 2048w, https:\/\/dhd-blog.org\/app\/uploads\/2023\/05\/Bild2-243x181.jpg 243w\" sizes=\"auto, (max-width: 512px) 100vw, 512px\" \/><\/a><figcaption><strong>Abb. 2:<\/strong> Verschneiter Campus der Uni Trier (eigene Aufnahme).<\/figcaption><\/figure><\/div>\n\n\n<p>Nach den Vortr\u00e4gen konnte man abends noch an verschiedenen Rahmenprogrammpunkten, die vom lokalen Organisationsteam arrangiert worden waren, teilnehmen. Ich hatte die Stadtf\u00fchrung gebucht, um auch etwas von der sch\u00f6nen Stadt Trier sehen zu k\u00f6nnen. Zudem war die Stadtf\u00fchrung auch eine tolle Gelegenheit andere Konferenzmitglieder kennenlernen zu k\u00f6nnen und den Abend in geselliger Runde ausklingen zu lassen.<\/p>\n\n\n<div class=\"wp-block-image\">\n<figure class=\"aligncenter size-large is-resized\"><a href=\"https:\/\/dhd-blog.org\/app\/uploads\/2023\/05\/Bild3-scaled.jpg\"><img loading=\"lazy\" decoding=\"async\" src=\"https:\/\/dhd-blog.org\/app\/uploads\/2023\/05\/Bild3-1024x1024.jpg\" alt=\"\" class=\"wp-image-19428\" width=\"512\" height=\"512\" srcset=\"https:\/\/dhd-blog.org\/app\/uploads\/2023\/05\/Bild3-1024x1024.jpg 1024w, https:\/\/dhd-blog.org\/app\/uploads\/2023\/05\/Bild3-300x300.jpg 300w, https:\/\/dhd-blog.org\/app\/uploads\/2023\/05\/Bild3-150x150.jpg 150w, https:\/\/dhd-blog.org\/app\/uploads\/2023\/05\/Bild3-768x768.jpg 768w, https:\/\/dhd-blog.org\/app\/uploads\/2023\/05\/Bild3-1536x1536.jpg 1536w, https:\/\/dhd-blog.org\/app\/uploads\/2023\/05\/Bild3-2048x2048.jpg 2048w, https:\/\/dhd-blog.org\/app\/uploads\/2023\/05\/Bild3-50x50.jpg 50w\" sizes=\"auto, (max-width: 512px) 100vw, 512px\" \/><\/a><figcaption><strong>Abb. 3: <\/strong>Eindr\u00fccke von der Stadtf\u00fchrung (eigene Aufnahme).<\/figcaption><\/figure><\/div>\n\n\n<p>Am vorletzten Tag der Konferenz standen nach weiteren Vortr\u00e4gen am Vormittag die Postersession und der Posterslam auf der Agenda. Beim Posterslam hatte jede*r eine Minute lang die M\u00f6glichkeit, sein oder ihr eigenes Poster vorzustellen und zu bewerben, um m\u00f6glichst viele Interessierte bei der anschlie\u00dfenden Postersession zum Poster zu locken. Entgegen der sonstigen sachlichen und fachlichen Atmosph\u00e4re bei den Vortr\u00e4gen, war die Atmosph\u00e4re beim Posterslam ungezwungen und lustig und der Kreativit\u00e4t, wie man seine Poster bewerben wollte, waren keine Grenzen gesetzt. Dennoch wurde mithilfe der \u201egeeichten Messger\u00e4te\u201c darauf geachtet, dass keiner seine Slam-Zeit von einer Minute \u00fcberschritt \ud83d\ude42 Im Anschluss wurden mittels des lautesten Applauses die drei besten Slammer*innen bestimmt. <\/p>\n\n\n\n<p>Nach dem Slam str\u00f6mten alle in den Raum, in dem bereits die aufgestellten Poster warteten \u2013 und dann begannen bereits anregende Gespr\u00e4che \u00fcber die auf den Postern ansprechend dargestellten Themen. Das positive Feedback, das Interesse und die inspirierenden Ideen zu unserem Thema hatte ich so nicht erwartet und freute mich daher sehr dar\u00fcber. Das Social-Event am Abend war eine tolle M\u00f6glichkeit den ereignisreichen Konferenztag ausklingen zu lassen. Auf dem Platz vor der Mensa warteten bereits Foodtrucks, an denen sofort gro\u00dfer Andrang herrschte. Sp\u00e4ter spielte in der Mensa eine Band, die die Teilnehmer*innen zum Tanzen animierte.<\/p>\n\n\n<div class=\"wp-block-image\">\n<figure class=\"aligncenter size-large is-resized\"><a href=\"https:\/\/dhd-blog.org\/app\/uploads\/2023\/05\/Bild4-scaled.jpg\"><img loading=\"lazy\" decoding=\"async\" src=\"https:\/\/dhd-blog.org\/app\/uploads\/2023\/05\/Bild4-1024x768.jpg\" alt=\"\" class=\"wp-image-19429\" width=\"512\" height=\"384\" srcset=\"https:\/\/dhd-blog.org\/app\/uploads\/2023\/05\/Bild4-1024x768.jpg 1024w, https:\/\/dhd-blog.org\/app\/uploads\/2023\/05\/Bild4-300x225.jpg 300w, https:\/\/dhd-blog.org\/app\/uploads\/2023\/05\/Bild4-768x576.jpg 768w, https:\/\/dhd-blog.org\/app\/uploads\/2023\/05\/Bild4-1536x1152.jpg 1536w, https:\/\/dhd-blog.org\/app\/uploads\/2023\/05\/Bild4-2048x1536.jpg 2048w, https:\/\/dhd-blog.org\/app\/uploads\/2023\/05\/Bild4-243x181.jpg 243w\" sizes=\"auto, (max-width: 512px) 100vw, 512px\" \/><\/a><figcaption><strong>Abb. 4: <\/strong>Ausgelassene Stimmung beim Social Event (eigene Aufnahme).<\/figcaption><\/figure><\/div>\n\n\n<p>Und dann war auch schon Freitag und damit der letzte Konferenztag angebrochen. \u00a0Abschluss bildeten Preisverleihungen f\u00fcr die besten Poster und Slammer*innen, die \u00dcbergabe der Stipendienzertifikate und die Closing Keynote von Jennifer Edmond zum Thema \u201eOpen Science and the (Digital) Humanities: Open to our Past, Open to our Present, Open to our Future\u201c. Au\u00dferdem wurde der Austragungsort der DHd2024, die dann ihr 10-j\u00e4hriges Jubil\u00e4um feiern wird, verraten, die \u2013 wie auch die erste DHd Konferenz 2014 \u2013 in Passau stattfinden wird. Damit ging eine ereignisreiche, eindrucksvolle Konferenzwoche in Trier zu Ende. Die inspirierenden Vortr\u00e4ge und Diskussionen und die bereichernden Begegnungen werden mir noch lange in positiver Erinnerung bleiben.<\/p>\n","protected":false},"excerpt":{"rendered":"<p>Lena Ehlers (Universit\u00e4t Stuttgart) Nachfolgender Blog-Beitrag ist im Rahmen meines Reisestipendiums f\u00fcr die 9. Jahrestagung des Verbands Digital Humanities im deutschsprachigen Raum (13. bis 17. M\u00e4rz 2023) entstanden. Ich bedanke mich an dieser Stelle herzlich beim Verein &#8222;Geistes- und Kulturwissenschaftliche Infrastrukturen e. V&#8220; und den Organisator*innen der DHd2023 f\u00fcr das Stipendium und die eindrucksvolle Woche [&hellip;]<\/p>\n","protected":false},"author":355,"featured_media":0,"comment_status":"open","ping_status":"open","sticky":false,"template":"","format":"standard","meta":{"footnotes":""},"categories":[1],"tags":[],"class_list":["post-19421","post","type-post","status-publish","format-standard","hentry","category-allgemein"],"_links":{"self":[{"href":"https:\/\/dhd-blog.org\/index.php?rest_route=\/wp\/v2\/posts\/19421","targetHints":{"allow":["GET"]}}],"collection":[{"href":"https:\/\/dhd-blog.org\/index.php?rest_route=\/wp\/v2\/posts"}],"about":[{"href":"https:\/\/dhd-blog.org\/index.php?rest_route=\/wp\/v2\/types\/post"}],"author":[{"embeddable":true,"href":"https:\/\/dhd-blog.org\/index.php?rest_route=\/wp\/v2\/users\/355"}],"replies":[{"embeddable":true,"href":"https:\/\/dhd-blog.org\/index.php?rest_route=%2Fwp%2Fv2%2Fcomments&post=19421"}],"version-history":[{"count":2,"href":"https:\/\/dhd-blog.org\/index.php?rest_route=\/wp\/v2\/posts\/19421\/revisions"}],"predecessor-version":[{"id":19432,"href":"https:\/\/dhd-blog.org\/index.php?rest_route=\/wp\/v2\/posts\/19421\/revisions\/19432"}],"wp:attachment":[{"href":"https:\/\/dhd-blog.org\/index.php?rest_route=%2Fwp%2Fv2%2Fmedia&parent=19421"}],"wp:term":[{"taxonomy":"category","embeddable":true,"href":"https:\/\/dhd-blog.org\/index.php?rest_route=%2Fwp%2Fv2%2Fcategories&post=19421"},{"taxonomy":"post_tag","embeddable":true,"href":"https:\/\/dhd-blog.org\/index.php?rest_route=%2Fwp%2Fv2%2Ftags&post=19421"}],"curies":[{"name":"wp","href":"https:\/\/api.w.org\/{rel}","templated":true}]}}