{"id":19020,"date":"2023-02-13T13:20:51","date_gmt":"2023-02-13T12:20:51","guid":{"rendered":"https:\/\/dhd-blog.org\/?p=19020"},"modified":"2023-02-13T13:20:51","modified_gmt":"2023-02-13T12:20:51","slug":"bibliotheksreferendarinnen-m-w-d-an-der-staatsbibliothek-zu-berlin-preussischer-kulturbesitz","status":"publish","type":"post","link":"https:\/\/dhd-blog.org\/?p=19020","title":{"rendered":"Bibliotheksreferendar:innen (m\/w\/d) an der Staatsbibliothek zu Berlin &#8211; Preu\u00dfischer Kulturbesitz"},"content":{"rendered":"\n\n\n<div><span style=\"font-family: Times New Roman,serif; font-size: large;\"><b><span style=\"color: black; font-family: Arial,sans-serif; font-size: x-large;\">Stellenausschreibung vom 10.02.2023<\/span><\/b><\/span><\/div>\n<div>\u00a0<\/div>\n<div><span style=\"font-family: Times New Roman,serif; font-size: medium;\"><span style=\"color: black; font-family: Arial,sans-serif; font-size: small;\"><b>In der Generaldirektion der Staatsbibliothek zu Berlin &#8211; Preu\u00dfischer Kulturbesitz k\u00f6nnen drei Bibliotheksreferendar:innen (m\/w\/d) als Beamt:innen auf Widerruf im Vorbereitungsdienst f\u00fcr die Laufbahn des h\u00f6heren nichttechnischen Verwaltungsdienstes des Bundes ernannt werden.<\/b><\/span><\/span><\/div>\n<div><span style=\"font-family: Times New Roman,serif; font-size: medium;\"><span style=\"color: black; font-family: Arial,sans-serif; font-size: small;\"><b>Bewerbungsfrist:\u00a0<\/b><\/span><span style=\"color: black; font-family: Arial,sans-serif; font-size: small;\">24.02.2023<\/span><span style=\"color: black; font-family: Arial,sans-serif; font-size: small;\"><br \/><\/span><span style=\"color: black; font-family: Arial,sans-serif; font-size: small;\"><b>Vertragsbeginn:\u00a0<\/b><\/span><span style=\"color: black; font-family: Arial,sans-serif; font-size: small;\">1. Oktober 2023<\/span><span style=\"color: black; font-family: Arial,sans-serif; font-size: small;\"><br \/><\/span><span style=\"color: black; font-family: Arial,sans-serif; font-size: small;\"><b>Befristung:\u00a0<\/b><\/span><span style=\"color: black; font-family: Arial,sans-serif; font-size: small;\">Beamt:in auf Widerruf im Vorbereitungsdienst f\u00fcr 2 Jahre<\/span><span style=\"color: black; font-family: Arial,sans-serif; font-size: small;\"><br \/><\/span><span style=\"color: black; font-family: Arial,sans-serif; font-size: small;\"><b>Wochenstunden:\u00a0<\/b><\/span><span style=\"color: black; font-family: Arial,sans-serif; font-size: small;\">41 h<\/span><span style=\"color: black; font-family: Arial,sans-serif; font-size: small;\"><br \/><\/span><span style=\"color: black; font-family: Arial,sans-serif; font-size: small;\"><b>Verg\u00fctung:<\/b><\/span><span style=\"color: black; font-family: Arial,sans-serif; font-size: small;\">\u00a02.387,55 Euro brutto je Monat<\/span><span style=\"color: black; font-family: Arial,sans-serif; font-size: small;\"><br \/><\/span><span style=\"color: black; font-family: Arial,sans-serif; font-size: small;\"><b>Arbeitsort:\u00a0<\/b><\/span><span style=\"color: black; font-family: Arial,sans-serif; font-size: small;\">Potsdamer Str. 33, 10785 Berlin \/ Unter den Linden 8, 10117 Berlin<\/span><\/span><\/div>\n<div><span style=\"font-family: Times New Roman,serif; font-size: medium;\"><span style=\"color: black; font-family: Arial,sans-serif; font-size: small;\">Die Staatsbibliothek zu Berlin ist eine der gr\u00f6\u00dften und leistungsf\u00e4higsten Bibliotheken Europas. Wir sprechen \u00fcber 80 Sprachen, entwickeln Wissensressourcen von Weltrang und wollen mit modernsten Technologien internationalen Austausch und freien Informationszugang f\u00f6rdern. 1661 gegr\u00fcndet, setzen wir konsequent auf digitale Souver\u00e4nit\u00e4t und die aktive Mitwirkung unserer Nutzenden.<\/span><\/span><\/div>\n<div>\u00a0<\/div>\n<div><span style=\"font-family: Times New Roman,serif; font-size: large;\"><b><span style=\"color: black; font-family: Arial,sans-serif; font-size: large;\">Das Referendariat<\/span><\/b><\/span><\/div>\n<div><span style=\"font-family: Times New Roman,serif; font-size: medium;\"><span style=\"color: black; font-family: Arial,sans-serif; font-size: small;\"><b>Inhalt:<\/b><\/span><\/span><\/div>\n<ul>\n<li><span style=\"color: black; font-family: Calibri,sans-serif; font-size: small;\"><span style=\"font-family: Arial,sans-serif; font-size: small;\">Sie erhalten eine fundierte postgraduale Ausbildung und absolvieren ein paralleles Master-Studium, wodurch Sie auf den Beruf der wissenschaftlichen Bibliothekarin \/ des wissenschaftlichen Bibliothekars vorbereitet werden.<\/span><\/span><\/li>\n<li><span style=\"color: black; font-family: Calibri,sans-serif; font-size: small;\"><span style=\"font-family: Arial,sans-serif; font-size: small;\">Sie werden Expert:in f\u00fcr die Literaturversorgung, die digitale und analoge Bewahrung, Erschlie\u00dfung und Vermittlung des kulturellen Erbes und ein:e wichtige:r Partner:in der Wissenschaft.<br \/><br \/><\/span><\/span><\/li>\n<\/ul>\n<div><span style=\"font-family: Times New Roman,serif; font-size: medium;\"><span style=\"color: black; font-family: Arial,sans-serif; font-size: small;\"><b>Ablauf:<\/b><\/span><\/span><\/div>\n<ul>\n<li><span style=\"color: black; font-family: Calibri,sans-serif; font-size: small;\"><span style=\"font-family: Arial,sans-serif; font-size: small;\">Der Vorbereitungsdienst wird parallel an der Staatsbibliothek zu Berlin (praktische Ausbildung) und im Rahmen des weiterbildenden Masterstudienganges \u201eBibliotheks- und Informationswissenschaft\u201c am gleichnamigen Institut der Humboldt-Universit\u00e4t zu Berlin (theoretische Ausbildung) durchgef\u00fchrt.<\/span><\/span><\/li>\n<li><span style=\"color: black; font-family: Calibri,sans-serif; font-size: small;\"><span style=\"font-family: Arial,sans-serif; font-size: small;\">Mit Bestehen der Laufbahnpr\u00fcfung wird die Bef\u00e4higung f\u00fcr die Laufbahn des h\u00f6heren nichttechnischen Verwaltungsdienstes des Bundes erlangt. Zus\u00e4tzlich wird der akademische Grad Master of Arts (Library and Information Science) [M. A. (LIS)] erworben<br \/><br \/><\/span><\/span><\/li>\n<\/ul>\n<div><span style=\"font-family: Times New Roman,serif; font-size: large;\"><b><span style=\"color: black; font-family: Arial,sans-serif; font-size: large;\">Ihr Profil<\/span><\/b><\/span><\/div>\n<ul>\n<li><span style=\"color: black; font-family: Calibri,sans-serif; font-size: small;\"><span style=\"font-family: Arial,sans-serif; font-size: small;\">ein abgeschlossenes wissenschaftliches Hochschulstudium (Master oder gleichwertiger Studienabschluss)<\/span><\/span><\/li>\n<li><span style=\"color: black; font-family: Calibri,sans-serif; font-size: small;\"><span style=\"font-family: Arial,sans-serif; font-size: small;\">die Voraussetzungen f\u00fcr die Ernennung zur Beamt:in auf Widerruf gem\u00e4\u00df \u00a7 7 Bundesbeamtengesetz (BBG)<\/span><\/span><\/li>\n<li><span style=\"color: black; font-family: Calibri,sans-serif; font-size: small;\"><span style=\"font-family: Arial,sans-serif; font-size: small;\">einen sehr guten oder guten Studienabschluss (Note besser als 2,5, juristische Staatsexamen mindestens \u201ebefriedigend\u201c)<\/span><\/span><\/li>\n<li><span style=\"color: black; font-family: Calibri,sans-serif; font-size: small;\"><span style=\"font-family: Arial,sans-serif; font-size: small;\">fundierte Kenntnisse und belegbare Erfahrungen im Bereich aktueller IT-bezogener Entwicklungen im Informationssektor wie z.B. Digital Humanities (u.a. Digitalisierung, digitale Editionen, Text Mining, Datenvisualisierung), digitale Forschungs-, Kommunikations- und Publikationsprozesse (bes. Open Access, Forschungsdatenmanagement) und \/ oder<\/span><\/span><\/li>\n<li><span style=\"color: black; font-family: Calibri,sans-serif; font-size: small;\"><span style=\"font-family: Arial,sans-serif; font-size: small;\">fundierte Kenntnisse und nachgewiesene Erfahrungen in mindestens einem der drei folgenden Themenfelder:<\/span><span style=\"font-family: Arial,sans-serif; font-size: small;\"><br \/>&#8211; Management \/ Leitung eines wissenschaftlichen \/ wissenschaftsnahen Projektes<\/span><span style=\"font-family: Arial,sans-serif; font-size: small;\"><br \/>&#8211; Forschungsf\u00f6rderungen \/ erfolgreiche Einwerbung von Drittmitteln gr\u00f6\u00dferen Umfangs im Wissenschaftsbereich<\/span><span style=\"font-family: Arial,sans-serif; font-size: small;\"><br \/>&#8211; Wissenschaftsmanagement<\/span><\/span><\/li>\n<li><span style=\"color: black; font-family: Calibri,sans-serif; font-size: small;\"><span style=\"font-family: Arial,sans-serif; font-size: small;\">sehr gute Fremdsprachenkenntnisse, insbesondere des Englischen<br \/><br \/><\/span><\/span><\/li>\n<\/ul>\n<div><span style=\"font-family: Times New Roman,serif; font-size: large;\"><b><span style=\"color: black; font-family: Arial,sans-serif; font-size: large;\">Erw\u00fcnscht:<\/span><\/b><\/span><\/div>\n<ul>\n<li><span style=\"color: black; font-family: Calibri,sans-serif; font-size: small;\"><span style=\"font-family: Arial,sans-serif; font-size: small;\">ein ausgepr\u00e4gtes Interesse an IT-basierten Bibliotheksdienstleistungen und wissenschaftlicher Fachinformation<\/span><\/span><\/li>\n<li><span style=\"color: black; font-family: Calibri,sans-serif; font-size: small;\"><span style=\"font-family: Arial,sans-serif; font-size: small;\">Medienkompetenz, Serviceverst\u00e4ndnis, hohe Kommunikations- und Teamf\u00e4higkeit, Organisationsgeschick, Innovationsfreude<\/span><\/span><\/li>\n<li><span style=\"color: black; font-family: Calibri,sans-serif; font-size: small;\"><span style=\"font-family: Arial,sans-serif; font-size: small;\">f\u00e4cher\u00fcbergreifende Interessen \u00fcber die engere Studien-richtung hinaus<\/span><\/span><\/li>\n<li><span style=\"color: black; font-family: Calibri,sans-serif; font-size: small;\"><span style=\"font-family: Arial,sans-serif; font-size: small;\">Erfahrungen im Bibliotheks- oder Informationssektor<\/span><\/span><\/li>\n<li><span style=\"color: black; font-family: Calibri,sans-serif; font-size: small;\"><span style=\"font-family: Arial,sans-serif; font-size: small;\">Promotion<br \/><br \/><\/span><\/span><\/li>\n<\/ul>\n<div><span style=\"font-family: Times New Roman,serif; font-size: large;\"><b><span style=\"color: black; font-family: Arial,sans-serif; font-size: large;\">Wir bieten Ihnen<\/span><\/b><\/span><\/div>\n<ul>\n<li><span style=\"color: black; font-family: Calibri,sans-serif; font-size: small;\"><span style=\"font-family: Arial,sans-serif; font-size: small;\">Mitarbeit in der gr\u00f6\u00dften Kultureinrichtung Deutschlands und einer der bedeutendsten weltweit<\/span><\/span><\/li>\n<li><span style=\"color: black; font-family: Calibri,sans-serif; font-size: small;\"><span style=\"font-family: Arial,sans-serif; font-size: small;\">einen interessanten und abwechslungsreichen Arbeitsplatz in zentraler Lage Berlins<\/span><\/span><\/li>\n<li><span style=\"color: black; font-family: Calibri,sans-serif; font-size: small;\"><span style=\"font-family: Arial,sans-serif; font-size: small;\">vielseitige Aufgaben mit gro\u00dfen Gestaltungsspielr\u00e4umen<\/span><\/span><\/li>\n<li><span style=\"color: black; font-family: Calibri,sans-serif; font-size: small;\"><span style=\"font-family: Arial,sans-serif; font-size: small;\">eine sehr gute Arbeitsatmosph\u00e4re in einem kooperativen und aufgeschlossenen Team<\/span><\/span><\/li>\n<li><span style=\"color: black; font-family: Calibri,sans-serif; font-size: small;\"><span style=\"font-family: Arial,sans-serif; font-size: small;\">lebensfreundliche Arbeitsbedingungen<\/span><\/span><\/li>\n<li><span style=\"color: black; font-family: Calibri,sans-serif; font-size: small;\"><span style=\"font-family: Arial,sans-serif; font-size: small;\">30 Tage Erholungsurlaub (bei einer F\u00fcnf-Tage-Woche)<\/span><\/span><\/li>\n<li><span style=\"color: black; font-family: Calibri,sans-serif; font-size: small;\"><span style=\"font-family: Arial,sans-serif; font-size: small;\">Jobticket mit monatlich 40\u20ac Arbeitgeberbeteiligung<\/span><\/span><\/li>\n<li><span style=\"color: black; font-family: Calibri,sans-serif; font-size: small;\"><span style=\"font-family: Arial,sans-serif; font-size: small;\">Zuschuss von j\u00e4hrlich 100\u20ac zu Angeboten der Gesundheitsf\u00f6rderung<br \/><br \/><\/span><\/span><\/li>\n<\/ul>\n<div><span style=\"font-family: Times New Roman,serif; font-size: large;\"><b><span style=\"color: black; font-family: Arial,sans-serif; font-size: large;\">Wir f\u00f6rdern und begr\u00fc\u00dfen<\/span><\/b><\/span><\/div>\n<ul>\n<li><span style=\"color: black; font-family: Calibri,sans-serif; font-size: small;\"><span style=\"font-family: Arial,sans-serif; font-size: small;\">aktiv eine Kultur der Wertsch\u00e4tzung<\/span><\/span><\/li>\n<li><span style=\"color: black; font-family: Calibri,sans-serif; font-size: small;\"><span style=\"font-family: Arial,sans-serif; font-size: small;\">Chancengerechtigkeit und Vielfalt<\/span><\/span><\/li>\n<li><span style=\"color: black; font-family: Calibri,sans-serif; font-size: small;\"><span style=\"font-family: Arial,sans-serif; font-size: small;\">Bewerbungen aller Menschen, unabh\u00e4ngig von Alter, Geschlecht, Nationalit\u00e4t, kultureller und sozialer Herkunft, Religion oder Weltanschauung, Behinderung, sexueller Identit\u00e4t<\/span><\/span><\/li>\n<li><span style=\"color: black; font-family: Calibri,sans-serif; font-size: small;\"><span style=\"font-family: Arial,sans-serif; font-size: small;\">Bewerbungen von Black, Indigenous and People of Color sowie Menschen mit Migrations- und Fluchtgeschichte<\/span><\/span><\/li>\n<li><span style=\"color: black; font-family: Calibri,sans-serif; font-size: small;\"><span style=\"font-family: Arial,sans-serif; font-size: small;\">Menschen mit Schwerbehinderung und ihnen Gleichgestellte, die bei gleicher Eignung besonders ber\u00fccksichtigt werden<\/span><\/span><\/li>\n<li><span style=\"color: black; font-family: Calibri,sans-serif; font-size: small;\"><span style=\"font-family: Arial,sans-serif; font-size: small;\">Bei der Vergabe der zur Verf\u00fcgung stehenden Pl\u00e4tze werden Bewerberinnen und Bewerber vorrangig ber\u00fccksichtigt, die nach einem erfolgreich abgeschlossenen Hochschulstudium noch nicht \u00fcber eine f\u00fcr den h\u00f6heren Bibliotheksdienst geeignete berufsvorbereitende Qualifikation verf\u00fcgen<br \/><br \/><\/span><\/span><\/li>\n<\/ul>\n<div><span style=\"font-family: Times New Roman,serif; font-size: large;\"><b><span style=\"color: black; font-family: Arial,sans-serif; font-size: large;\">Ihre Bewerbung enth\u00e4lt<\/span><\/b><\/span><\/div>\n<ul>\n<li><span style=\"color: black; font-family: Calibri,sans-serif; font-size: small;\"><span style=\"font-family: Arial,sans-serif; font-size: small;\">Angabe der Kennziffer:\u00a0<\/span><span style=\"font-family: Arial,sans-serif; font-size: small;\"><b>SBB-GD-7-2023<\/b><\/span><\/span><\/li>\n<li><span style=\"color: black; font-family: Calibri,sans-serif; font-size: small;\"><span style=\"font-family: Arial,sans-serif; font-size: small;\">Anschreiben<\/span><\/span><\/li>\n<li><span style=\"color: black; font-family: Calibri,sans-serif; font-size: small;\"><span style=\"font-family: Arial,sans-serif; font-size: small;\">Lebenslauf<\/span><\/span><\/li>\n<li><span style=\"color: black; font-family: Calibri,sans-serif; font-size: small;\"><span style=\"font-family: Arial,sans-serif; font-size: small;\">Pr\u00fcfungszeugnisse (allgemeine Hochschulreife und Studienabschluss)<\/span><\/span><\/li>\n<li><span style=\"color: black; font-family: Calibri,sans-serif; font-size: small;\"><span style=\"font-family: Arial,sans-serif; font-size: small;\">Arbeitszeugnisse<br \/><br \/><\/span><\/span><\/li>\n<\/ul>\n<div><span style=\"font-family: Times New Roman,serif; font-size: large;\"><b><span style=\"color: black; font-family: Arial,sans-serif; font-size: large;\">Senden Sie Ihre Bewerbung an<\/span><\/b><\/span><\/div>\n<div><span style=\"font-family: Times New Roman,serif; font-size: medium;\"><a href=\"mailto:bewerbungsmanagement@hv.spk-berlin.de\" target=\"_blank\" rel=\"noopener noreferrer\"><span style=\"font-family: Arial,sans-serif; font-size: small;\">bewerbungsmanagement@hv.spk-berlin.de<\/span><\/a><span style=\"color: black; font-family: Arial,sans-serif; font-size: small;\"><br \/>als PDF-Datei mit max. 7 MB<\/span><span style=\"color: black; font-family: Arial,sans-serif; font-size: small;\"><br \/><\/span><span style=\"color: black; font-family: Arial,sans-serif; font-size: small;\"><b>oder:<\/b><\/span><span style=\"color: black; font-family: Arial,sans-serif; font-size: small;\"><br \/>Stiftung Preu\u00dfischer Kulturbesitz<\/span><span style=\"color: black; font-family: Arial,sans-serif; font-size: small;\"><br \/>Personalabteilung, Sachgebiet I2c<\/span><span style=\"color: black; font-family: Arial,sans-serif; font-size: small;\"><br \/>Von-der-Heydt-Str. 16-18<\/span><span style=\"color: black; font-family: Arial,sans-serif; font-size: small;\"><br \/>10785 Berlin<\/span><\/span><\/div>\n<div><span style=\"font-family: Times New Roman,serif; font-size: medium;\"><span style=\"color: black; font-family: Arial,sans-serif; font-size: small;\"><b>Fragen zum Aufgabengebiet<\/b><\/span><span style=\"color: black; font-family: Arial,sans-serif; font-size: small;\"><br \/>Dr. Ulrike Reuter<\/span><span style=\"color: black; font-family: Arial,sans-serif; font-size: small;\"><br \/><\/span><a href=\"mailto:ausbildungsleitung@sbb.spk-berlin.de\" target=\"_blank\" rel=\"noopener noreferrer\"><span style=\"font-family: Arial,sans-serif; font-size: small;\">ausbildungsleitung@sbb.spk-berlin.de<\/span><\/a><span style=\"color: black; font-family: Arial,sans-serif; font-size: small;\"><br \/>+49 30 266 43 3151<\/span><\/span><\/div>\n<div><span style=\"font-family: Times New Roman,serif; font-size: medium;\"><span style=\"color: black; font-family: Arial,sans-serif; font-size: small;\"><b>Fragen zum Bewerbungsverfahren<\/b><\/span><span style=\"color: black; font-family: Arial,sans-serif; font-size: small;\"><br \/>Bojana Berner<\/span><span style=\"color: black; font-family: Arial,sans-serif; font-size: small;\"><br \/>+49 30 266 41 1730<br \/><\/span><span style=\"color: black; font-family: Arial,sans-serif; font-size: small;\"><br \/><\/span><span style=\"color: black; font-family: Arial,sans-serif; font-size: small;\"><br \/>Ihre Daten werden im Rahmen des Bewerbungsverfahrens gespeichert und verarbeitet. Weitere Informationen:\u00a0<\/span><a href=\"http:\/\/www.preussischer-kulturbesitz.de\/karriere\/datenschutz.html\" target=\"_blank\" rel=\"noopener noreferrer\"><span style=\"font-family: Arial,sans-serif; font-size: small;\"><span style=\"color: #666666;\">www.preussischer-kulturbesitz.de\/karriere\/datenschutz.html<\/span><\/span><\/a><\/span><\/div>\n<ul>\n<li><span style=\"color: black; font-family: Calibri,sans-serif; font-size: small;\"><a href=\"https:\/\/www.preussischer-kulturbesitz.de\/fileadmin\/user_upload_SPK\/documents\/personal\/stellenanzeigen\/2023\/SBB-GD-7-2023.pdf\" target=\"_blank\" rel=\"noopener noreferrer\"><span style=\"font-family: Arial,sans-serif; font-size: small;\"><b><span style=\"color: #666666;\">Stellenausschreibung als PDF herunterladen<\/span><\/b><\/span><\/a><\/span><\/li>\n<\/ul>\n","protected":false},"excerpt":{"rendered":"<p>Stellenausschreibung vom 10.02.2023 \u00a0 In der Generaldirektion der Staatsbibliothek zu Berlin &#8211; Preu\u00dfischer Kulturbesitz k\u00f6nnen drei Bibliotheksreferendar:innen (m\/w\/d) als Beamt:innen auf Widerruf im Vorbereitungsdienst f\u00fcr die Laufbahn des h\u00f6heren nichttechnischen Verwaltungsdienstes des Bundes ernannt werden. Bewerbungsfrist:\u00a024.02.2023Vertragsbeginn:\u00a01. Oktober 2023Befristung:\u00a0Beamt:in auf Widerruf im Vorbereitungsdienst f\u00fcr 2 JahreWochenstunden:\u00a041 hVerg\u00fctung:\u00a02.387,55 Euro brutto je MonatArbeitsort:\u00a0Potsdamer Str. 33, 10785 Berlin \/ [&hellip;]<\/p>\n","protected":false},"author":268,"featured_media":0,"comment_status":"open","ping_status":"open","sticky":false,"template":"","format":"standard","meta":{"footnotes":""},"categories":[1,3],"tags":[918,136],"class_list":["post-19020","post","type-post","status-publish","format-standard","hentry","category-allgemein","category-stellen","tag-bibliotheksreferendariat","tag-stellenausschreibung"],"_links":{"self":[{"href":"https:\/\/dhd-blog.org\/index.php?rest_route=\/wp\/v2\/posts\/19020","targetHints":{"allow":["GET"]}}],"collection":[{"href":"https:\/\/dhd-blog.org\/index.php?rest_route=\/wp\/v2\/posts"}],"about":[{"href":"https:\/\/dhd-blog.org\/index.php?rest_route=\/wp\/v2\/types\/post"}],"author":[{"embeddable":true,"href":"https:\/\/dhd-blog.org\/index.php?rest_route=\/wp\/v2\/users\/268"}],"replies":[{"embeddable":true,"href":"https:\/\/dhd-blog.org\/index.php?rest_route=%2Fwp%2Fv2%2Fcomments&post=19020"}],"version-history":[{"count":2,"href":"https:\/\/dhd-blog.org\/index.php?rest_route=\/wp\/v2\/posts\/19020\/revisions"}],"predecessor-version":[{"id":19022,"href":"https:\/\/dhd-blog.org\/index.php?rest_route=\/wp\/v2\/posts\/19020\/revisions\/19022"}],"wp:attachment":[{"href":"https:\/\/dhd-blog.org\/index.php?rest_route=%2Fwp%2Fv2%2Fmedia&parent=19020"}],"wp:term":[{"taxonomy":"category","embeddable":true,"href":"https:\/\/dhd-blog.org\/index.php?rest_route=%2Fwp%2Fv2%2Fcategories&post=19020"},{"taxonomy":"post_tag","embeddable":true,"href":"https:\/\/dhd-blog.org\/index.php?rest_route=%2Fwp%2Fv2%2Ftags&post=19020"}],"curies":[{"name":"wp","href":"https:\/\/api.w.org\/{rel}","templated":true}]}}