{"id":18750,"date":"2022-12-15T16:23:26","date_gmt":"2022-12-15T15:23:26","guid":{"rendered":"https:\/\/dhd-blog.org\/?p=18750"},"modified":"2022-12-16T14:21:37","modified_gmt":"2022-12-16T13:21:37","slug":"die-coordination-committees-von-text-wurden-neu-gewaehlt-das-sind-die-ergebnisse","status":"publish","type":"post","link":"https:\/\/dhd-blog.org\/?p=18750","title":{"rendered":"Die Coordination Committees von Text+ wurden neu gew\u00e4hlt; das sind die Ergebnisse"},"content":{"rendered":"\n<p><a href=\"https:\/\/dhd-blog.org\/app\/uploads\/2022\/12\/Text-Logo-HG-weiss-DT-1.png\"><img loading=\"lazy\" decoding=\"async\" class=\"size-medium wp-image-18751 aligncenter\" src=\"https:\/\/dhd-blog.org\/app\/uploads\/2022\/12\/Text-Logo-HG-weiss-DT-1-300x300.png\" alt=\"\" width=\"300\" height=\"300\" srcset=\"https:\/\/dhd-blog.org\/app\/uploads\/2022\/12\/Text-Logo-HG-weiss-DT-1-300x300.png 300w, https:\/\/dhd-blog.org\/app\/uploads\/2022\/12\/Text-Logo-HG-weiss-DT-1-1024x1024.png 1024w, https:\/\/dhd-blog.org\/app\/uploads\/2022\/12\/Text-Logo-HG-weiss-DT-1-150x150.png 150w, https:\/\/dhd-blog.org\/app\/uploads\/2022\/12\/Text-Logo-HG-weiss-DT-1-768x768.png 768w, https:\/\/dhd-blog.org\/app\/uploads\/2022\/12\/Text-Logo-HG-weiss-DT-1-1536x1536.png 1536w, https:\/\/dhd-blog.org\/app\/uploads\/2022\/12\/Text-Logo-HG-weiss-DT-1-50x50.png 50w, https:\/\/dhd-blog.org\/app\/uploads\/2022\/12\/Text-Logo-HG-weiss-DT-1.png 1667w\" sizes=\"auto, (max-width: 300px) 100vw, 300px\" \/><\/a><\/p>\n<p>Die <a href=\"https:\/\/www.text-plus.org\/ueber-uns\/coordination-committees\/\">Coordination Committees<\/a> sind die zentralen Mitbestimmungsgremien der Fachcommunitys, die <a href=\"https:\/\/www.text-plus.org\/\">Text+<\/a> mit seinen Angeboten adressiert. Es gibt je ein Scientific Coordination Committee (SCC) f\u00fcr die drei Datendom\u00e4nen Sammlungen, Lexikalische Ressourcen und Editionen sowie das Operations Coordination Committee (OCC) f\u00fcr die Task Area Infrastruktur\/Betrieb. Wichtige Aufgaben der Coordination Committees sind die Evaluation des Angebotsportfolios von Text+, Empfehlungen zur Vergabe der flexiblen F\u00f6rdermittel an Kooperationsprojekte sowie die bedarfsorientierte Vertretung der Communitys.<\/p>\n<p>F\u00fcr die erste einj\u00e4hrige Amtsperiode wurden die Coordination Committees in Abstimmung mit den <a href=\"https:\/\/www.text-plus.org\/ueber-uns\/fachverbaende\/\">Text+ unterst\u00fctzenden Fachverb\u00e4nden<\/a> besetzt. Die Komiteebesetzung f\u00fcr die nun folgende zweij\u00e4hrige Amtsperiode wurde durch eine Wahl mit allen an Text+ beteiligten und Text+ unterst\u00fctzenden Institutionen und Vereinigungen bestimmt.<\/p>\n<p>Die Stimmen sind nun ausgez\u00e4hlt; folgende Vertreterinnen und Vertreter wurden von den Wahlberechtigten in die Coordination Committees gew\u00e4hlt (in alphabetischer Reihenfolge):<\/p>\n<p>\u00a0<\/p>\n<p><strong>SCC Sammlungen<\/strong><\/p>\n<p>\u00a0 * Cornelia Eisler, Bundesinstitut f\u00fcr Kultur und Geschichte der Deutschen im \u00f6stlichen Europa<br \/>\u00a0 * Berenike Herrmann, Universit\u00e4t Bielefeld<br \/>\u00a0 * Anna Lingnau, Herzog August Bibliothek Wolfenb\u00fcttel<br \/>\u00a0 * Simon Meier-Vieracker, Technischen Universit\u00e4t Dresden<br \/>\u00a0 * Roland Meyer, Humboldt-Universit\u00e4t zu Berlin<br \/>\u00a0 * Anna Plaksin, Johannes Gutenberg-Universit\u00e4t Mainz<br \/>\u00a0 * Stefan Reiners-Selbach, Heinrich-Heine-Universit\u00e4t D\u00fcsseldorf<br \/>\u00a0 * Sandra Richter, Deutsche Literaturarchiv Marbach<br \/>\u00a0 * Frank Seifart, Leibniz-Zentrum Allgemeine Sprachwissenschaft<br \/>\u00a0 * Petra Wagner, Universit\u00e4t Bielefeld<\/p>\n<p>\u00a0<\/p>\n<p><strong>SCC Lexikalische Ressourcen<\/strong><\/p>\n<p>\u00a0 * Sabine Bartsch, Technische Universit\u00e4t Darmstadt<br \/>\u00a0 * Ulrich Heid, Universit\u00e4t Hildesheim<br \/>\u00a0 * Michael Prinz, Universit\u00e4t Uppsala<br \/>\u00a0 * Jessica Nowak, Johannes Gutenberg-Universit\u00e4t Mainz<br \/>\u00a0 * Rainer Osswald, Heinrich-Heine-Universit\u00e4t D\u00fcsseldorf<br \/>\u00a0 * Tonio Sebastian Richter, Freie Universit\u00e4t Berlin<br \/>\u00a0 * Ingrid Schr\u00f6der, Universit\u00e4t Hamburg<br \/>\u00a0 * Maria Selig, Bayerische Akademie der Wissenschaften<br \/>\u00a0 * Heike Zinsmeister, Universit\u00e4t Hamburg<\/p>\n<p>\u00a0<\/p>\n<p><strong>SCC Editionen<\/strong><\/p>\n<p>\u00a0 * Stefanie Acquavella-Rauch, Johannes Gutenberg-Universit\u00e4t Mainz<br \/>\u00a0 * Ariadne Baresch, Universit\u00e4t Trier<br \/>\u00a0 * Anne Bohnenkamp-Renken, Frankfurter Goethe-Haus<br \/>\u00a0 * Ulrike Henny-Krahmer, Universit\u00e4t Rostock<br \/>\u00a0 * Jan Horstmann, Universit\u00e4t M\u00fcnster<br \/>\u00a0 * Judith Pfeiffer, Universit\u00e4t Bonn<br \/>\u00a0 * Torsten Roeder, Universit\u00e4t W\u00fcrzburg<br \/>\u00a0 * Patrick Sahle, Universit\u00e4t Wuppertal<br \/>\u00a0 * Angila Vetter, Universit\u00e4t Augsburg<br \/>\u00a0 * Gabriel Viehhauser, Universit\u00e4t Stuttgart<\/p>\n<p>\u00a0<\/p>\n<p><strong>OCC<\/strong><\/p>\n<p>\u00a0 * Reinhard Altenh\u00f6ner, Staatsbibliothek zu Berlin Preu\u00dfischer Kulturbesitz<br \/>\u00a0 * Andreas Degkwitz, Universit\u00e4tsbibliothek der Humboldt-Universit\u00e4t zu Berlin<br \/>\u00a0 * Eric Eggert, Universit\u00e4t zu K\u00f6ln<br \/>\u00a0 * Annette Gerstenberg, Universit\u00e4t Potsdam<br \/>\u00a0 * Sebastian Herrmann, Universit\u00e4t Leipzig<br \/>\u00a0 * Vivien Petras, Humboldt-Universit\u00e4t zu Berlin<br \/>\u00a0 * Matthias Razum, Leibniz-Institut f\u00fcr Informationsinfrastruktur<br \/>\u00a0 * Heike Renner-Westermann, FID Linguistik\/Universit\u00e4tsbibliothek Johann Christian Senckenberg<br \/>\u00a0 * Markus Tepe, Universit\u00e4t Oldenburg<br \/>\u00a0 * Lars Wieneke, Universit\u00e4t Luxemburg<\/p>\n<p>\u00a0<\/p>\n<p>Die Komitees werden durch wenige von Text+ entsandte Expertinnen und Experten erg\u00e4nzt, die aber in Abstimmungen kein Stimmrecht haben.<\/p>\n<p>Wir danken allen Wahlberechtigten f\u00fcr ihre Abstimmungen, danken allen Nominierten f\u00fcr ihre Bereitschaft, gratulieren den Gew\u00e4hlten ganz herzlich zu ihrer Wahl und freuen uns auf eine produktive Zusammenarbeit!<\/p>\n","protected":false},"excerpt":{"rendered":"<p>Die Coordination Committees sind die zentralen Mitbestimmungsgremien der Fachcommunitys, die Text+ mit seinen Angeboten adressiert. Es gibt je ein Scientific Coordination Committee (SCC) f\u00fcr die drei Datendom\u00e4nen Sammlungen, Lexikalische Ressourcen und Editionen sowie das Operations Coordination Committee (OCC) f\u00fcr die Task Area Infrastruktur\/Betrieb. Wichtige Aufgaben der Coordination Committees sind die Evaluation des Angebotsportfolios von Text+, [&hellip;]<\/p>\n","protected":false},"author":268,"featured_media":18754,"comment_status":"open","ping_status":"open","sticky":false,"template":"","format":"standard","meta":{"footnotes":""},"categories":[1,103,5],"tags":[588,802,1424],"class_list":["post-18750","post","type-post","status-publish","format-standard","has-post-thumbnail","hentry","category-allgemein","category-community","category-forschungsinfrastruktur","tag-community","tag-nfdi","tag-text-2"],"_links":{"self":[{"href":"https:\/\/dhd-blog.org\/index.php?rest_route=\/wp\/v2\/posts\/18750","targetHints":{"allow":["GET"]}}],"collection":[{"href":"https:\/\/dhd-blog.org\/index.php?rest_route=\/wp\/v2\/posts"}],"about":[{"href":"https:\/\/dhd-blog.org\/index.php?rest_route=\/wp\/v2\/types\/post"}],"author":[{"embeddable":true,"href":"https:\/\/dhd-blog.org\/index.php?rest_route=\/wp\/v2\/users\/268"}],"replies":[{"embeddable":true,"href":"https:\/\/dhd-blog.org\/index.php?rest_route=%2Fwp%2Fv2%2Fcomments&post=18750"}],"version-history":[{"count":3,"href":"https:\/\/dhd-blog.org\/index.php?rest_route=\/wp\/v2\/posts\/18750\/revisions"}],"predecessor-version":[{"id":18760,"href":"https:\/\/dhd-blog.org\/index.php?rest_route=\/wp\/v2\/posts\/18750\/revisions\/18760"}],"wp:featuredmedia":[{"embeddable":true,"href":"https:\/\/dhd-blog.org\/index.php?rest_route=\/wp\/v2\/media\/18754"}],"wp:attachment":[{"href":"https:\/\/dhd-blog.org\/index.php?rest_route=%2Fwp%2Fv2%2Fmedia&parent=18750"}],"wp:term":[{"taxonomy":"category","embeddable":true,"href":"https:\/\/dhd-blog.org\/index.php?rest_route=%2Fwp%2Fv2%2Fcategories&post=18750"},{"taxonomy":"post_tag","embeddable":true,"href":"https:\/\/dhd-blog.org\/index.php?rest_route=%2Fwp%2Fv2%2Ftags&post=18750"}],"curies":[{"name":"wp","href":"https:\/\/api.w.org\/{rel}","templated":true}]}}