{"id":18164,"date":"2022-07-24T16:31:20","date_gmt":"2022-07-24T14:31:20","guid":{"rendered":"https:\/\/dhd-blog.org\/?p=18164"},"modified":"2022-07-24T16:31:20","modified_gmt":"2022-07-24T14:31:20","slug":"stellenausschreibung-ifl-leipzig-koordination-visuelle-regionale-geographien-und-abteilungsleitung-bibliothek-archiv","status":"publish","type":"post","link":"https:\/\/dhd-blog.org\/?p=18164","title":{"rendered":"Stellenausschreibung IfL Leipzig: Koordination &#8222;Visuelle Regionale Geographien&#8220; und Abteilungsleitung Bibliothek\/Archiv"},"content":{"rendered":"\n<p>Das Leibniz-Institut f\u00fcr L\u00e4nderkunde sucht zum 1.1.2023 in Vollzeit eine\/n Koordinator\/in der Forschungen zu &#8222;Visuellen Regionalen Geographien&#8220;. Die Stelle ist ab dem 1.7.2024 verbunden mit der Leitung der Abteilung &#8222;Geographische Zentralbibliothek und Archiv f\u00fcr Geographie&#8220;. <br><br>Das neu zu etablierende Querschnittsthema \u201eVisuelle Regionale Geographien\u201c erweitert die derzeitigen IfL-Forschungsthemen unter Anwendung neuer digitaler Methoden um das Medium Bild. Verbunden damit sollen die umfangreichen und international bedeutsamen Text-Bild-Karte-Best\u00e4nde des Archivs f\u00fcr Geographie sowie Sammlungsteile der Geographischen Zentralbibliothek am IfL besser f\u00fcr die Forschung erschlossen und \u00f6ffentlich zug\u00e4nglich gemacht werden. Daf\u00fcr werden Methoden und Kompetenzen der Digitalen Geisteswissenschaften und der qualitativen Bildanalyse entwickelt.<br><br>Wir suchen eine sehr gut vernetzte Pers\u00f6nlichkeit, die mit dem deutschen und internationalen Wissenschaftssystem bestens vertraut ist, \u00fcber au\u00dferordentliches innovatives Potenzial in der Erschlie\u00dfung und Etablierung neuer Forschungsfelder verf\u00fcgt sowie Kompetenzen und Erfahrungen in der Leitung von Projekten im Themenumfeld nachweisen kann.<br><br>Weitere Informationen unter: <a href=\"https:\/\/leibniz-ifl.de\/karriere\/offene-stellen\/offene-stellen-details\/koordination-der-forschungen-zu-visuellen-regionalen-geographien-leitung-der-abteilung-geographische-zentralbibliothek-und-archiv-fuer-geographie\" target=\"_blank\" rel=\"noreferrer noopener\">https:\/\/leibniz-ifl.de\/karriere\/offene-stellen\/offene-stellen-details\/koordination-der-forschungen-zu-visuellen-regionalen-geographien-leitung-der-abteilung-geographische-zentralbibliothek-und-archiv-fuer-geographie<\/a><\/p>\n","protected":false},"excerpt":{"rendered":"<p>Das Leibniz-Institut f\u00fcr L\u00e4nderkunde sucht zum 1.1.2023 in Vollzeit eine\/n Koordinator\/in der Forschungen zu &#8222;Visuellen Regionalen Geographien&#8220;. Die Stelle ist ab dem 1.7.2024 verbunden mit der Leitung der Abteilung &#8222;Geographische Zentralbibliothek und Archiv f\u00fcr Geographie&#8220;. Das neu zu etablierende Querschnittsthema \u201eVisuelle Regionale Geographien\u201c erweitert die derzeitigen IfL-Forschungsthemen unter Anwendung neuer digitaler Methoden um das Medium [&hellip;]<\/p>\n","protected":false},"author":285,"featured_media":0,"comment_status":"open","ping_status":"open","sticky":false,"template":"","format":"standard","meta":{"footnotes":""},"categories":[1,3],"tags":[136],"class_list":["post-18164","post","type-post","status-publish","format-standard","hentry","category-allgemein","category-stellen","tag-stellenausschreibung"],"_links":{"self":[{"href":"https:\/\/dhd-blog.org\/index.php?rest_route=\/wp\/v2\/posts\/18164","targetHints":{"allow":["GET"]}}],"collection":[{"href":"https:\/\/dhd-blog.org\/index.php?rest_route=\/wp\/v2\/posts"}],"about":[{"href":"https:\/\/dhd-blog.org\/index.php?rest_route=\/wp\/v2\/types\/post"}],"author":[{"embeddable":true,"href":"https:\/\/dhd-blog.org\/index.php?rest_route=\/wp\/v2\/users\/285"}],"replies":[{"embeddable":true,"href":"https:\/\/dhd-blog.org\/index.php?rest_route=%2Fwp%2Fv2%2Fcomments&post=18164"}],"version-history":[{"count":2,"href":"https:\/\/dhd-blog.org\/index.php?rest_route=\/wp\/v2\/posts\/18164\/revisions"}],"predecessor-version":[{"id":18167,"href":"https:\/\/dhd-blog.org\/index.php?rest_route=\/wp\/v2\/posts\/18164\/revisions\/18167"}],"wp:attachment":[{"href":"https:\/\/dhd-blog.org\/index.php?rest_route=%2Fwp%2Fv2%2Fmedia&parent=18164"}],"wp:term":[{"taxonomy":"category","embeddable":true,"href":"https:\/\/dhd-blog.org\/index.php?rest_route=%2Fwp%2Fv2%2Fcategories&post=18164"},{"taxonomy":"post_tag","embeddable":true,"href":"https:\/\/dhd-blog.org\/index.php?rest_route=%2Fwp%2Fv2%2Ftags&post=18164"}],"curies":[{"name":"wp","href":"https:\/\/api.w.org\/{rel}","templated":true}]}}