{"id":18116,"date":"2022-07-15T07:10:19","date_gmt":"2022-07-15T05:10:19","guid":{"rendered":"https:\/\/dhd-blog.org\/?p=18116"},"modified":"2022-07-15T07:11:57","modified_gmt":"2022-07-15T05:11:57","slug":"verein-geistes-und-kulturwissenschaftliche-forschungsinfrastrukturen-geht-naechsten-schritt-im-zuge-der-vereinstransformation","status":"publish","type":"post","link":"https:\/\/dhd-blog.org\/?p=18116","title":{"rendered":"Verein \u201eGeistes- und kulturwissenschaftliche Forschungsinfrastrukturen\u201c geht n\u00e4chsten Schritt im Zuge der Vereinstransformation"},"content":{"rendered":"\n<p><a href=\"https:\/\/dhd-blog.org\/app\/uploads\/2022\/07\/5_2022-02-Symbolbild-Verein-transp.png\"><img loading=\"lazy\" decoding=\"async\" class=\"alignnone  wp-image-18117\" src=\"https:\/\/dhd-blog.org\/app\/uploads\/2022\/07\/5_2022-02-Symbolbild-Verein-transp-300x275.png\" alt=\"\" width=\"245\" height=\"225\" srcset=\"https:\/\/dhd-blog.org\/app\/uploads\/2022\/07\/5_2022-02-Symbolbild-Verein-transp-300x275.png 300w, https:\/\/dhd-blog.org\/app\/uploads\/2022\/07\/5_2022-02-Symbolbild-Verein-transp-1024x938.png 1024w, https:\/\/dhd-blog.org\/app\/uploads\/2022\/07\/5_2022-02-Symbolbild-Verein-transp-768x704.png 768w, https:\/\/dhd-blog.org\/app\/uploads\/2022\/07\/5_2022-02-Symbolbild-Verein-transp-1536x1408.png 1536w, https:\/\/dhd-blog.org\/app\/uploads\/2022\/07\/5_2022-02-Symbolbild-Verein-transp-2048x1877.png 2048w\" sizes=\"auto, (max-width: 245px) 100vw, 245px\" \/><\/a><\/p>\n\n\n\n<p>Der aus dem TextGrid e.V. heraus entstandene Verein \u201e<a href=\"http:\/\/forschungsinfrastrukturen.de\/doku.php\/start\">Geistes und kulturwissenschaftliche Forschungsinfrastrukturen e.V.<\/a>\u201c hat am 04.07.2022 seine konstituierende Mitgliederversammlung nach neuer <a href=\"http:\/\/forschungsinfrastrukturen.de\/doku.php\/satzung\">Vereinssatzung<\/a> abgehalten.<\/p>\n<p>Der Verein will Forschung, Lehre und Transfer in den geistes- und kulturwissenschaftlichen Forschungsinfrastrukturen in Deutschland und Europa f\u00f6rdern und zu deren Vernetzung beitragen sowie seinen Beitrag zur digitalen Transformation der Geistes- und Kulturwissenschaften und zu einer offenen Wissenschaftskultur leisten. Daf\u00fcr nimmt er nat\u00fcrliche und juristische Personen auf, die diese Entwicklungen mitgestalten wollen. Die Vereinsmitglieder unterteilen sich in ordentliche Mitglieder, die einen Beitrag zum Angebotskatalog des Vereines leisten (s.u.), und au\u00dferordentliche Mitglieder ohne Angebot.<\/p>\n<p><a href=\"https:\/\/dhd-blog.org\/app\/uploads\/2022\/07\/Vereinstransformation.png\"><img loading=\"lazy\" decoding=\"async\" class=\"alignnone  wp-image-18119\" src=\"https:\/\/dhd-blog.org\/app\/uploads\/2022\/07\/Vereinstransformation-300x206.png\" alt=\"\" width=\"431\" height=\"296\" srcset=\"https:\/\/dhd-blog.org\/app\/uploads\/2022\/07\/Vereinstransformation-300x206.png 300w, https:\/\/dhd-blog.org\/app\/uploads\/2022\/07\/Vereinstransformation-1024x702.png 1024w, https:\/\/dhd-blog.org\/app\/uploads\/2022\/07\/Vereinstransformation-768x526.png 768w, https:\/\/dhd-blog.org\/app\/uploads\/2022\/07\/Vereinstransformation.png 1132w\" sizes=\"auto, (max-width: 431px) 100vw, 431px\" \/><\/a><\/p>\n<p><sup>Abb. 2: wichtige Daten der Vereinstransformation<\/sup><\/p>\n<p>Im Zuge der Vereinstransformation vom TextGrid-Verein hin zum <em>Geistes- und kulturwissenschaftliche Forschungsinfrastrukturen e.V.<\/em> wurde die Zahl der <a href=\"http:\/\/forschungsinfrastrukturen.de\/doku.php\/mitglieder\">Mitglieder<\/a> erweitert, Gremien eingerichtet, Forschungsinfrastrukturverb\u00fcnde im Verein verankert und Vorstandspositionen neu besetzt.<\/p>\n<p>Als neuer Vorstand des Vereins wurden gew\u00e4hlt:<\/p>\n<ul>\n<li><a href=\"https:\/\/www.linglit.tu-darmstadt.de\/institutlinglit\/mitarbeitende\/andrearapp\/\">Andrea Rapp<\/a> (TU Darmstadt): 1. Vorsitzende<\/li>\n<li><a href=\"https:\/\/www.sub.uni-goettingen.de\/kontakt\/personen-a-z\/personendetails\/person\/regine-stein\/\">Regine Stein<\/a> (SUB G\u00f6ttingen): 2. Vorsitzende<\/li>\n<li><a href=\"https:\/\/www.ids-mannheim.de\/zfo\/personal\/lobin\/\">Henning Lobin<\/a> (IDS Mannheim): Schatzmeister<\/li>\n<li><a href=\"https:\/\/www.adwmainz.de\/mitarbeiterinnen\/profil\/prof-dr-aline-deicke.html\">Aline Deicke<\/a> (AdWL Mainz): Beisitzerin<\/li>\n<li><a href=\"https:\/\/sis.h-da.de\/personen\/professor-innen-auf-einen-blick\/prof-dr-stefan-schmunk\">Stefan Schmunk<\/a> (Hochschule Darmstadt): Beisitzer<\/li>\n<\/ul>\n<p>Ferner wurde entschieden, die Forschungsinfrastrukturverb\u00fcnde <a href=\"https:\/\/www.clarin-d.net\/de\/\">CLARIN-D<\/a>, <a href=\"https:\/\/de.dariah.eu\/\">DARIAH-DE<\/a> und <a href=\"https:\/\/operas-ger.hypotheses.org\/\">OPERAS<\/a> durch Koordinierungsstellen im Verein zu verankern. Deren nationale Koordinator*innen (Andreas Witt f\u00fcr CLARIN-D, Nanette Ri\u00dfler-Pipka f\u00fcr DARIAH-DE und Michael Kaiser f\u00fcr OPERAS) sind Mitglieder des Koordinierungsrates des Vereins ex officio. Zus\u00e4tzlich wurde <a href=\"https:\/\/www.dainst.org\/mitarbeiter-detailansicht\/-\/person-display\/4479863\">Henriette Senst<\/a> (DAI) in den Koordinierungsrat gew\u00e4hlt.<\/p>\n<p>Der Koordinierungsrat verwaltet den Angebotskatalog des Vereins, der die Angebote der ordentlichen Vereinsmitglieder listet, die der Verein f\u00fcr die gesamte Forschungscommunity zur Verf\u00fcgung stellt. Dieser Angebotskatalog wurde nun initial erstellt und von der Mitgliederversammlung best\u00e4tigt.<\/p>\n<p>Weitere bisherige Aktivit\u00e4ten des Vereins sind die neu gestaltete <a href=\"http:\/\/forschungsinfrastrukturen.de\/doku.php\/satzung\">Website<\/a> mit weiterf\u00fchrenden Materialien sowie ein erster Communityauftritt auf der <a href=\"https:\/\/www.dhd2022.de\/partner-sponsoren\/\">DHd-Konferenz 2022<\/a>.<\/p>\n<p>&nbsp;<\/p>\n<p>Mit der konstituierenden Sitzung wurde ein weiterer gro\u00dfer Schritt im Zuge der Vereinstransformation gegangen. Sie ist aber weiterhin nicht abgeschlossen. Der Verein steht Forscherinnen und Forschern aus den hinsichtlich F\u00e4cherkulturen, Quellen- und Datenbasis und Organisationsformen (Universit\u00e4ten, Forschungsinstitute, Ged\u00e4chtnisorganisationen, Akademien und Infrastruktureinrichtungen) der so vielf\u00e4ltigen wie innovativen Geistes- und Kulturwissenschaften offen und sieht es als seine wesentliche Aufgabe an, dieser Community in einer sich zunehmend empirisierenden und digitalisierenden Forschungslandschaft eine starke Stimme zu geben. Umso mehr freuen sich die im Verein organisierten Partner \u00fcber R\u00fcckmeldungen aus der Community sowie weitere Vereinsmitglieder, die die Vision des Vereins teilen und ihn bei seiner Transformation unterst\u00fctzen wollen.<\/p>\n<p>Mitgliedsantr\u00e4ge k\u00f6nnen \u00fcber <a href=\"mailto:kontakt@foschungsinfrastrukturen.de\">kontakt@foschungsinfrastrukturen.de<\/a> eingereicht werden. Weitere Informationen finden Sie auf unserer Website (<a href=\"http:\/\/forschungsinfrastrukturen.de\/\">http:\/\/forschungsinfrastrukturen.de\/<\/a>). Gerne k\u00f6nnen Sie sich bei Fragen aber auch direkt an uns wenden.<\/p>\n<p>&nbsp;<\/p>\n<p>Geistes- und kulturwissenschaftliche Forschungsinfrastrukturen e.V.<br>Leibniz-Institut f\u00fcr Deutsche Sprache<br>R 5, 6-13<br>68161 Mannheim<br><a href=\"mailto:kontakt@forschungsinfrastrukturen.de\">kontakt@forschungsinfrastrukturen.de<\/a><\/p>\n<p>&nbsp;<\/p>\n\n\n","protected":false},"excerpt":{"rendered":"<p>Der aus dem TextGrid e.V. heraus entstandene Verein \u201eGeistes und kulturwissenschaftliche Forschungsinfrastrukturen e.V.\u201c hat am 04.07.2022 seine konstituierende Mitgliederversammlung nach neuer Vereinssatzung abgehalten. Der Verein will Forschung, Lehre und Transfer in den geistes- und kulturwissenschaftlichen Forschungsinfrastrukturen in Deutschland und Europa f\u00f6rdern und zu deren Vernetzung beitragen sowie seinen Beitrag zur digitalen Transformation der Geistes- und [&hellip;]<\/p>\n","protected":false},"author":268,"featured_media":18122,"comment_status":"open","ping_status":"open","sticky":false,"template":"","format":"standard","meta":{"footnotes":""},"categories":[1,103,5],"tags":[584,1436],"class_list":["post-18116","post","type-post","status-publish","format-standard","has-post-thumbnail","hentry","category-allgemein","category-community","category-forschungsinfrastruktur","tag-forschungsinfrastruktur","tag-geistes-und-kulturwissenschaftliche-forschungsinfrastrukturen-e-v"],"_links":{"self":[{"href":"https:\/\/dhd-blog.org\/index.php?rest_route=\/wp\/v2\/posts\/18116","targetHints":{"allow":["GET"]}}],"collection":[{"href":"https:\/\/dhd-blog.org\/index.php?rest_route=\/wp\/v2\/posts"}],"about":[{"href":"https:\/\/dhd-blog.org\/index.php?rest_route=\/wp\/v2\/types\/post"}],"author":[{"embeddable":true,"href":"https:\/\/dhd-blog.org\/index.php?rest_route=\/wp\/v2\/users\/268"}],"replies":[{"embeddable":true,"href":"https:\/\/dhd-blog.org\/index.php?rest_route=%2Fwp%2Fv2%2Fcomments&post=18116"}],"version-history":[{"count":4,"href":"https:\/\/dhd-blog.org\/index.php?rest_route=\/wp\/v2\/posts\/18116\/revisions"}],"predecessor-version":[{"id":18123,"href":"https:\/\/dhd-blog.org\/index.php?rest_route=\/wp\/v2\/posts\/18116\/revisions\/18123"}],"wp:featuredmedia":[{"embeddable":true,"href":"https:\/\/dhd-blog.org\/index.php?rest_route=\/wp\/v2\/media\/18122"}],"wp:attachment":[{"href":"https:\/\/dhd-blog.org\/index.php?rest_route=%2Fwp%2Fv2%2Fmedia&parent=18116"}],"wp:term":[{"taxonomy":"category","embeddable":true,"href":"https:\/\/dhd-blog.org\/index.php?rest_route=%2Fwp%2Fv2%2Fcategories&post=18116"},{"taxonomy":"post_tag","embeddable":true,"href":"https:\/\/dhd-blog.org\/index.php?rest_route=%2Fwp%2Fv2%2Ftags&post=18116"}],"curies":[{"name":"wp","href":"https:\/\/api.w.org\/{rel}","templated":true}]}}