{"id":16529,"date":"2021-09-21T16:56:07","date_gmt":"2021-09-21T14:56:07","guid":{"rendered":"https:\/\/dhd-blog.org\/?p=16529"},"modified":"2021-09-22T10:59:35","modified_gmt":"2021-09-22T08:59:35","slug":"vom-handschriftlichen-zum-digitalen-neue-perspektiven-der-edition-von-exzerpten-und-nachlaessen","status":"publish","type":"post","link":"https:\/\/dhd-blog.org\/?p=16529","title":{"rendered":"Vom Handschriftlichen zum Digitalen. Neue Perspektiven der Edition von Exzerpten und Nachl\u00e4ssen"},"content":{"rendered":"\n<p>Einladung zu einer Online-Vortragsreihe des BMBF-gef\u00f6rderten Projekts <a href=\"https:\/\/exzerpte.uzi.uni-halle.de\/de\/index\/\" target=\"_blank\" rel=\"noopener noreferrer\">Exzerpte<\/a><\/p>\n<p><span id=\"page3R_mcid4\" class=\"markedContent\"><span dir=\"ltr\" role=\"presentation\">Im <\/span><span dir=\"ltr\" role=\"presentation\">Rahmen <\/span><span dir=\"ltr\" role=\"presentation\">des <\/span><span dir=\"ltr\" role=\"presentation\">vom <\/span><span dir=\"ltr\" role=\"presentation\">BMBF <\/span><span dir=\"ltr\" role=\"presentation\">gef\u00f6rderten <\/span><span dir=\"ltr\" role=\"presentation\">Verbundprojekts <\/span><span dir=\"ltr\" role=\"presentation\">der <\/span><span dir=\"ltr\" role=\"presentation\">Universit\u00e4t <\/span><span dir=\"ltr\" role=\"presentation\">Halle<\/span><span dir=\"ltr\" role=\"presentation\">&#8211;<\/span><span dir=\"ltr\" role=\"presentation\">Wittenberg und der TU Darmstadt wird<\/span> <span dir=\"ltr\" role=\"presentation\">erstmals <\/span><span dir=\"ltr\" role=\"presentation\">die <\/span><span dir=\"ltr\" role=\"presentation\">hybride <\/span><span dir=\"ltr\" role=\"presentation\">Formation <\/span><span dir=\"ltr\" role=\"presentation\">des <\/span><span dir=\"ltr\" role=\"presentation\">Exzerpts <\/span><span dir=\"ltr\" role=\"presentation\">in <\/span><span dir=\"ltr\" role=\"presentation\">den <\/span><span dir=\"ltr\" role=\"presentation\">Mittelpunkt eines Digital<\/span><span dir=\"ltr\" role=\"presentation\">&#8211;<\/span><span dir=\"ltr\" role=\"presentation\">Humanities<\/span><span dir=\"ltr\" role=\"presentation\">&#8211;<\/span><span dir=\"ltr\" role=\"presentation\">Vorhabens<\/span> <span dir=\"ltr\" role=\"presentation\">gestellt. <\/span><span dir=\"ltr\" role=\"presentation\">Am <\/span><span dir=\"ltr\" role=\"presentation\">Beispiel <\/span><span dir=\"ltr\" role=\"presentation\">von <\/span><span dir=\"ltr\" role=\"presentation\">Johann <\/span><span dir=\"ltr\" role=\"presentation\">Joachim <\/span><span dir=\"ltr\" role=\"presentation\">Winckelmanns <\/span><span dir=\"ltr\" role=\"presentation\">Gedancken \u00fcber die Nachahmung<\/span> <span dir=\"ltr\" role=\"presentation\">(1755\/56) <\/span><span dir=\"ltr\" role=\"presentation\">und <\/span><span dir=\"ltr\" role=\"presentation\">den <\/span><span dir=\"ltr\" role=\"presentation\">ihnen <\/span><span dir=\"ltr\" role=\"presentation\">zugrundeliegenden<\/span> <span dir=\"ltr\" role=\"presentation\">umfangreichen<\/span> <span dir=\"ltr\" role=\"presentation\">Exzerpten <\/span><span dir=\"ltr\" role=\"presentation\">widmet <\/span><span dir=\"ltr\" role=\"presentation\">sich <\/span><span dir=\"ltr\" role=\"presentation\">das <\/span><span dir=\"ltr\" role=\"presentation\">Projekt <\/span><span dir=\"ltr\" role=\"presentation\">einer <\/span><span dir=\"ltr\" role=\"presentation\">Lese<\/span><span dir=\"ltr\" role=\"presentation\">&#8211;<\/span> <span dir=\"ltr\" role=\"presentation\">und <\/span><span dir=\"ltr\" role=\"presentation\">Schreibtechnik, <\/span><span dir=\"ltr\" role=\"presentation\">deren <\/span><span dir=\"ltr\" role=\"presentation\">Bedeutung <\/span><span dir=\"ltr\" role=\"presentation\">f\u00fcr <\/span><span dir=\"ltr\" role=\"presentation\">die <\/span><span dir=\"ltr\" role=\"presentation\">neuzeitliche <\/span><span dir=\"ltr\" role=\"presentation\">Wissens<\/span><span dir=\"ltr\" role=\"presentation\">produktion und Theoriebildung, aber auch f\u00fcr <\/span><span dir=\"ltr\" role=\"presentation\">zentrale <\/span><span dir=\"ltr\" role=\"presentation\">Fragen <\/span><span dir=\"ltr\" role=\"presentation\">der <\/span><span dir=\"ltr\" role=\"presentation\">Autorschaft <\/span><span dir=\"ltr\" role=\"presentation\">bislang <\/span><span dir=\"ltr\" role=\"presentation\">nicht <\/span><span dir=\"ltr\" role=\"presentation\">angemessen gew\u00fcrdigt worden ist.<\/span> <\/span><\/p>\n<p><span id=\"page3R_mcid4\" class=\"markedContent\"><br role=\"presentation\" \/><\/span><span id=\"page3R_mcid5\" class=\"markedContent\"><span dir=\"ltr\" role=\"presentation\">Gemeinsam mit ausgewiesene<\/span><span dir=\"ltr\" role=\"presentation\">n<\/span> <span dir=\"ltr\" role=\"presentation\">Expertinnen und <\/span><span dir=\"ltr\" role=\"presentation\">Experten <\/span><span dir=\"ltr\" role=\"presentation\">m\u00f6chte <\/span><span dir=\"ltr\" role=\"presentation\">die <\/span><span dir=\"ltr\" role=\"presentation\">Projektgruppe <\/span><span dir=\"ltr\" role=\"presentation\">im <\/span><span dir=\"ltr\" role=\"presentation\">Wintersemester <\/span><span dir=\"ltr\" role=\"presentation\">2021\/2022 <\/span><span dir=\"ltr\" role=\"presentation\">den<\/span> <span dir=\"ltr\" role=\"presentation\">Perspektiven <\/span><span dir=\"ltr\" role=\"presentation\">und <\/span><span dir=\"ltr\" role=\"presentation\">Probleme<\/span><span dir=\"ltr\" role=\"presentation\">n<\/span> <span dir=\"ltr\" role=\"presentation\">nachgehen<\/span><span dir=\"ltr\" role=\"presentation\">, <\/span><span dir=\"ltr\" role=\"presentation\">die <\/span><span dir=\"ltr\" role=\"presentation\">sich <\/span><span dir=\"ltr\" role=\"presentation\">aus <\/span><span dir=\"ltr\" role=\"presentation\">der <\/span><span dir=\"ltr\" role=\"presentation\">M\u00f6glichkeit der digitalen Edition von Exzerpt<\/span><span dir=\"ltr\" role=\"presentation\">&#8211;<\/span><span dir=\"ltr\" role=\"presentation\">, <\/span><span dir=\"ltr\" role=\"presentation\">aber <\/span><span dir=\"ltr\" role=\"presentation\">auch <\/span><span dir=\"ltr\" role=\"presentation\">vo<\/span><span dir=\"ltr\" role=\"presentation\">n <\/span><span dir=\"ltr\" role=\"presentation\">andere<\/span><span dir=\"ltr\" role=\"presentation\">n<\/span> <span dir=\"ltr\" role=\"presentation\">Nachlassbest\u00e4nde<\/span><span dir=\"ltr\" role=\"presentation\">n<\/span> <span dir=\"ltr\" role=\"presentation\">ergeben: <\/span><span dir=\"ltr\" role=\"presentation\">Wie k\u00f6nnen digitale Editionen den<\/span> <span dir=\"ltr\" role=\"presentation\">Weg<\/span> <span dir=\"ltr\" role=\"presentation\">rekonstruieren <\/span><span dir=\"ltr\" role=\"presentation\">bzw. <\/span><span dir=\"ltr\" role=\"presentation\">zeigen, <\/span><span dir=\"ltr\" role=\"presentation\">der<\/span> <span dir=\"ltr\" role=\"presentation\">vo<\/span><span dir=\"ltr\" role=\"presentation\">n <\/span><span dir=\"ltr\" role=\"presentation\">der <\/span><\/span><span id=\"page3R_mcid5\" class=\"markedContent\"><span dir=\"ltr\" role=\"presentation\">gelesenen Quelle zum Exzerpt<\/span> <span dir=\"ltr\" role=\"presentation\">und dann vom <\/span><span dir=\"ltr\" role=\"presentation\">Exzerpt zum \u201aneuen\u2018 Werk<\/span> <span dir=\"ltr\" role=\"presentation\">f\u00fchrt<\/span><span dir=\"ltr\" role=\"presentation\">?<\/span> <span dir=\"ltr\" role=\"presentation\">Inwiefern <\/span><span dir=\"ltr\" role=\"presentation\">k\u00f6nnen <\/span><span dir=\"ltr\" role=\"presentation\">\u00fcberhaupt <\/span><span dir=\"ltr\" role=\"presentation\">die <\/span><span dir=\"ltr\" role=\"presentation\">Digital <\/span><span dir=\"ltr\" role=\"presentation\">H<\/span><span dir=\"ltr\" role=\"presentation\">umanities<\/span> <span dir=\"ltr\" role=\"presentation\">grundlegende <\/span> <span dir=\"ltr\" role=\"presentation\">Probleme<\/span> <span dir=\"ltr\" role=\"presentation\">der Nachlass<\/span><span dir=\"ltr\" role=\"presentation\">&#8211;<\/span><span dir=\"ltr\" role=\"presentation\">Editionen <\/span><span dir=\"ltr\" role=\"presentation\">l\u00f6sen?<\/span> <\/span><\/p>\n<p><span id=\"page3R_mcid5\" class=\"markedContent\"><br role=\"presentation\" \/><span dir=\"ltr\" role=\"presentation\">Die <\/span><span dir=\"ltr\" role=\"presentation\">Vortragsreihe<\/span> <span dir=\"ltr\" role=\"presentation\">findet <\/span><span dir=\"ltr\" role=\"presentation\">in <\/span><span dir=\"ltr\" role=\"presentation\">Form <\/span><span dir=\"ltr\" role=\"presentation\">von<\/span> <span dir=\"ltr\" role=\"presentation\">Videokonferenz<\/span><span dir=\"ltr\" role=\"presentation\">en<\/span> <span dir=\"ltr\" role=\"presentation\">statt<\/span><span dir=\"ltr\" role=\"presentation\">, <\/span><span dir=\"ltr\" role=\"presentation\">bei <\/span><span dir=\"ltr\" role=\"presentation\">denen <\/span><span dir=\"ltr\" role=\"presentation\">die<\/span> <span dir=\"ltr\" role=\"presentation\">Vortragende<\/span><span dir=\"ltr\" role=\"presentation\">n<\/span> <span dir=\"ltr\" role=\"presentation\">ihre <\/span><span dir=\"ltr\" role=\"presentation\">Erfahrungen <\/span><span dir=\"ltr\" role=\"presentation\">und <\/span><span dir=\"ltr\" role=\"presentation\">\u00dcberlegungen<\/span> <span dir=\"ltr\" role=\"presentation\">zu hermen<\/span><span dir=\"ltr\" role=\"presentation\">e<\/span><span dir=\"ltr\" role=\"presentation\">utischen, editorischen <\/span><span dir=\"ltr\" role=\"presentation\">und technischen Fragen <\/span> <span dir=\"ltr\" role=\"presentation\">im Bereich der<\/span> <span dir=\"ltr\" role=\"presentation\">digitalen <\/span><span dir=\"ltr\" role=\"presentation\">Nachlass<\/span><span dir=\"ltr\" role=\"presentation\">&#8211;<\/span><span dir=\"ltr\" role=\"presentation\">Editionen <\/span><span dir=\"ltr\" role=\"presentation\">pr\u00e4sentieren, <\/span><span dir=\"ltr\" role=\"presentation\">um <\/span><span dir=\"ltr\" role=\"presentation\">sie <\/span><span dir=\"ltr\" role=\"presentation\">im <\/span><span dir=\"ltr\" role=\"presentation\">Anschluss <\/span><span dir=\"ltr\" role=\"presentation\">daran <\/span><span dir=\"ltr\" role=\"presentation\">mit <\/span><span dir=\"ltr\" role=\"presentation\">den <\/span><span dir=\"ltr\" role=\"presentation\">Teilnehmenden <\/span><span dir=\"ltr\" role=\"presentation\">zu <\/span><span dir=\"ltr\" role=\"presentation\">diskutieren<\/span><span dir=\"ltr\" role=\"presentation\">. <\/span> <\/span><\/p>\n<p><span id=\"page3R_mcid5\" class=\"markedContent\"><span dir=\"ltr\" role=\"presentation\">Interessierte <\/span><span dir=\"ltr\" role=\"presentation\">sind <\/span><span dir=\"ltr\" role=\"presentation\">herzlich <\/span><span dir=\"ltr\" role=\"presentation\">eingeladen, <\/span><span dir=\"ltr\" role=\"presentation\">an <\/span><span dir=\"ltr\" role=\"presentation\">de<\/span><span dir=\"ltr\" role=\"presentation\">n <\/span><span dir=\"ltr\" role=\"presentation\">einzelnen Vortr\u00e4gen <\/span><span dir=\"ltr\" role=\"presentation\">teilzunehmen! Wir freuen uns auf Ihre Teilnahme und Ihre Anregungen<br \/><\/span><\/span>Elisabeth D\u00e9cultot, Paul Molitor, Andrea Rapp &amp; Team<\/p>\n<p><strong><span id=\"page17R_mcid95\" class=\"markedContent\"><span dir=\"ltr\" role=\"presentation\">P<\/span><\/span><\/strong><span id=\"page17R_mcid96\" class=\"markedContent\"><span dir=\"ltr\" role=\"presentation\"><strong>rogramm<\/strong> <\/span><\/span><\/p>\n<p><span id=\"page17R_mcid96\" class=\"markedContent\"><span dir=\"ltr\" role=\"presentation\">Die Vortr\u00e4ge finden jeweils freitags von 10:00-12:00 h per Zoom statt. <span id=\"page17R_mcid9\" class=\"markedContent\">Zur Anmeldung senden Sie bitte eine Email mit <\/span><span id=\"page17R_mcid10\" class=\"markedContent\">dem <strong>Betreff <\/strong><\/span><span id=\"page17R_mcid11\" class=\"markedContent\">Anmeldung<\/span><span id=\"page17R_mcid12\" class=\"markedContent\"> <\/span><span id=\"page17R_mcid13\" class=\"markedContent\">VR Exzerpte<\/span><span id=\"page17R_mcid14\" class=\"markedContent\"> <\/span><span id=\"page17R_mcid15\" class=\"markedContent\">unter Angabe <\/span><span id=\"page17R_mcid16\" class=\"markedContent\">Ihres Namens und der Institutszugeh\u00f6rigkeit an<\/span><span id=\"page17R_mcid17\" class=\"markedContent\">: <\/span><span id=\"page17R_mcid18\" class=\"markedContent\"> <\/span><span id=\"page17R_mcid19\" class=\"markedContent\"><\/span><a href=\"mailto:anmeldung@exzerpte.uzi.uni-halle.de\"><span id=\"page17R_mcid20\" class=\"markedContent\">anmeldung@exzerpte.uzi.uni-halle.de<\/span><\/a><span id=\"page17R_mcid21\" class=\"markedContent\"> <br role=\"presentation\" \/>Sie erhalten eine Best\u00e4tigungsmail und rechtzeitig vor Beginn einen Zoom-Link zur Teilnahme, der f\u00fcr die gesamte Dauer der Vortragsreihe g\u00fcltig sein wird.<\/span><\/span><\/span><span id=\"page17R_mcid97\" class=\"markedContent\"> <\/span><span id=\"page17R_mcid98\" class=\"markedContent\"><\/span><span id=\"page17R_mcid99\" class=\"markedContent\"> <\/span><span id=\"page17R_mcid100\" class=\"markedContent\"><\/span><span id=\"page17R_mcid101\" class=\"markedContent\"><\/span><span id=\"page17R_mcid102\" class=\"markedContent\"> <\/span><\/p>\n<p><span id=\"page17R_mcid103\" class=\"markedContent\"><\/span><strong><span id=\"page17R_mcid104\" class=\"markedContent\"><span dir=\"ltr\" role=\"presentation\">29.10.2021<\/span><\/span><span id=\"page17R_mcid105\" class=\"markedContent\"> | 10-12 h<\/span><span id=\"page17R_mcid106\" class=\"markedContent\"><\/span><\/strong><span id=\"page17R_mcid107\" class=\"markedContent\"><br role=\"presentation\" \/><span dir=\"ltr\" role=\"presentation\">Andreas Urs Sommer<\/span><\/span><span id=\"page17R_mcid108\" class=\"markedContent\">\u00a0<\/span><span id=\"page17R_mcid109\" class=\"markedContent\"><\/span><span id=\"page17R_mcid111\" class=\"markedContent\">(<span dir=\"ltr\" role=\"presentation\">Universit\u00e4t Freiburg; <\/span><\/span><span id=\"page17R_mcid112\" class=\"markedContent\"><span dir=\"ltr\" role=\"presentation\">Forschungsstelle Nietzsche<\/span><\/span><span id=\"page17R_mcid113\" class=\"markedContent\"><span dir=\"ltr\" role=\"presentation\">&#8211;<\/span><\/span><span id=\"page17R_mcid114\" class=\"markedContent\"><span dir=\"ltr\" role=\"presentation\">Kommentar der Heidelberger Akademie der <\/span><\/span><span id=\"page17R_mcid115\" class=\"markedContent\"><span dir=\"ltr\" role=\"presentation\">Wissenschaften<\/span><\/span><span id=\"page17R_mcid116\" class=\"markedContent\">): <\/span><span id=\"page17R_mcid118\" class=\"markedContent\"><span dir=\"ltr\" role=\"presentation\">Nietzsches Bibliothek und <\/span><\/span><span id=\"page17R_mcid119\" class=\"markedContent\"><span dir=\"ltr\" role=\"presentation\">Nachlass digital edieren?<\/span><\/span><span id=\"page17R_mcid120\" class=\"markedContent\"> <\/span><span id=\"page17R_mcid121\" class=\"markedContent\"><\/span><span id=\"page17R_mcid122\" class=\"markedContent\"><\/span><\/p>\n<p><span id=\"page17R_mcid122\" class=\"markedContent\"><br role=\"presentation\" \/><\/span><span id=\"page17R_mcid123\" class=\"markedContent\"><\/span><span id=\"page17R_mcid124\" class=\"markedContent\"> <\/span><span id=\"page17R_mcid125\" class=\"markedContent\"><\/span><span id=\"page17R_mcid126\" class=\"markedContent\"><\/span><strong><span id=\"page17R_mcid127\" class=\"markedContent\"><span dir=\"ltr\" role=\"presentation\">26.11.20<\/span><\/span><span id=\"page17R_mcid127\" class=\"markedContent\"><span dir=\"ltr\" role=\"presentation\">21<\/span><\/span><\/strong><span id=\"page17R_mcid130\" class=\"markedContent\"><strong>| 10-12 h<\/strong> <br role=\"presentation\" \/><span dir=\"ltr\" role=\"presentation\">Alberto Cevolini<\/span><\/span><span id=\"page17R_mcid131\" class=\"markedContent\"> <\/span><span id=\"page17R_mcid132\" class=\"markedContent\"><\/span><span id=\"page17R_mcid133\" class=\"markedContent\">(<span dir=\"ltr\" role=\"presentation\">Universit\u00e0 di Modena e Reggio Emilia<\/span><\/span><span id=\"page17R_mcid136\" class=\"markedContent\">): <span dir=\"ltr\" role=\"presentation\">Erinnern und Vergessen aufgrund <\/span><\/span><span id=\"page17R_mcid137\" class=\"markedContent\"><span dir=\"ltr\" role=\"presentation\">von <\/span><\/span><span id=\"page17R_mcid138\" class=\"markedContent\"><span dir=\"ltr\" role=\"presentation\">Schlagw\u00f6rtern. Ein Beitrag zur <\/span><\/span><span id=\"page17R_mcid139\" class=\"markedContent\"><span dir=\"ltr\" role=\"presentation\">Geschichte der <\/span><\/span><span id=\"page17R_mcid140\" class=\"markedContent\"><span dir=\"ltr\" role=\"presentation\">Wissensorganisation<\/span><\/span><span id=\"page17R_mcid141\" class=\"markedContent\"> <\/span><span id=\"page17R_mcid142\" class=\"markedContent\"><\/span><span id=\"page17R_mcid143\" class=\"markedContent\"><\/span><\/p>\n<p><span id=\"page17R_mcid143\" class=\"markedContent\"><br role=\"presentation\" \/><span dir=\"ltr\" role=\"presentation\">Johannes Schmidt<\/span><\/span><span id=\"page17R_mcid144\" class=\"markedContent\"> <\/span><span id=\"page17R_mcid145\" class=\"markedContent\"><\/span><span id=\"page17R_mcid146\" class=\"markedContent\">(<span dir=\"ltr\" role=\"presentation\">Niklas Luhmann<\/span><\/span><span id=\"page17R_mcid147\" class=\"markedContent\"><span dir=\"ltr\" role=\"presentation\">&#8211;<\/span><\/span><span id=\"page17R_mcid148\" class=\"markedContent\"><span dir=\"ltr\" role=\"presentation\">Archiv, Universit\u00e4t Bielefeld<\/span><\/span><span id=\"page17R_mcid149\" class=\"markedContent\">) &amp;<br \/><\/span><span id=\"page17R_mcid151\" class=\"markedContent\"><span dir=\"ltr\" role=\"presentation\">Lena<\/span><\/span><span id=\"page17R_mcid152\" class=\"markedContent\"><span dir=\"ltr\" role=\"presentation\">&#8211;<\/span><\/span><span id=\"page17R_mcid153\" class=\"markedContent\"><span dir=\"ltr\" role=\"presentation\">Luise Stahn <\/span><\/span><span id=\"page17R_mcid154\" class=\"markedContent\"> <\/span><span id=\"page17R_mcid155\" class=\"markedContent\"><\/span><span id=\"page17R_mcid156\" class=\"markedContent\">(<span dir=\"ltr\" role=\"presentation\">Digital Humanities, Bergische Universit\u00e4t Wuppertal):<\/span><\/span><span id=\"page17R_mcid157\" class=\"markedContent\"> <\/span><span id=\"page17R_mcid158\" class=\"markedContent\"><\/span><span id=\"page17R_mcid159\" class=\"markedContent\"><span dir=\"ltr\" role=\"presentation\">Die Vernetzung der Theorie: die <\/span><\/span><span id=\"page17R_mcid160\" class=\"markedContent\"><span dir=\"ltr\" role=\"presentation\">digitale Edition des <\/span><\/span><span id=\"page17R_mcid161\" class=\"markedContent\"><span dir=\"ltr\" role=\"presentation\">Luhmann<\/span><\/span><span id=\"page17R_mcid162\" class=\"markedContent\"><span dir=\"ltr\" role=\"presentation\">&#8211;<\/span><\/span><span id=\"page17R_mcid163\" class=\"markedContent\"><span dir=\"ltr\" role=\"presentation\">Nachlasses<\/span><\/span><span id=\"page17R_mcid164\" class=\"markedContent\"> <\/span><span id=\"page17R_mcid165\" class=\"markedContent\"><br role=\"presentation\" \/><\/span><span id=\"page17R_mcid169\" class=\"markedContent\"><br role=\"presentation\" \/><\/span><span id=\"page17R_mcid170\" class=\"markedContent\"><\/span><span id=\"page17R_mcid171\" class=\"markedContent\"> <\/span><span id=\"page17R_mcid172\" class=\"markedContent\"><\/span><span id=\"page17R_mcid173\" class=\"markedContent\"><\/span><span id=\"page17R_mcid174\" class=\"markedContent\"> <\/span><span id=\"page17R_mcid175\" class=\"markedContent\"><\/span><strong><span id=\"page17R_mcid176\" class=\"markedContent\"><span dir=\"ltr\" role=\"presentation\">14.01.2022<\/span><\/span><span id=\"page17R_mcid177\" class=\"markedContent\"> <\/span><span id=\"page17R_mcid178\" class=\"markedContent\"><\/span><\/strong><span id=\"page17R_mcid179\" class=\"markedContent\"><strong>| 10-12 h<\/strong> <br role=\"presentation\" \/><span dir=\"ltr\" role=\"presentation\">Karina van Dalen<\/span><\/span><span id=\"page17R_mcid180\" class=\"markedContent\"><span dir=\"ltr\" role=\"presentation\">&#8211;<\/span><\/span><span id=\"page17R_mcid181\" class=\"markedContent\"><span dir=\"ltr\" role=\"presentation\">Oskam <\/span><\/span><span id=\"page17R_mcid182\" class=\"markedContent\"> <\/span><span id=\"page17R_mcid183\" class=\"markedContent\"><\/span><span id=\"page17R_mcid184\" class=\"markedContent\">(<span dir=\"ltr\" role=\"presentation\">Huygens Institut <\/span><\/span><span id=\"page17R_mcid185\" class=\"markedContent\"><span dir=\"ltr\" role=\"presentation\">&#8211;<\/span><\/span><span id=\"page17R_mcid186\" class=\"markedContent\"> <\/span><span id=\"page17R_mcid187\" class=\"markedContent\"><span dir=\"ltr\" role=\"presentation\">KNAW \/ Universit\u00e4t Amsterdam<\/span><\/span><span id=\"page17R_mcid190\" class=\"markedContent\">): <span dir=\"ltr\" role=\"presentation\">Digital text analysis in search of <\/span><\/span><span id=\"page17R_mcid191\" class=\"markedContent\"><span dir=\"ltr\" role=\"presentation\">conventions of literariness<\/span><\/span><span id=\"page17R_mcid192\" class=\"markedContent\"> <\/span><span id=\"page17R_mcid193\" class=\"markedContent\"><\/span><span id=\"page17R_mcid194\" class=\"markedContent\"><\/span><\/p>\n<p><span id=\"page17R_mcid194\" class=\"markedContent\"><br role=\"presentation\" \/><span dir=\"ltr\" role=\"presentation\">Simone Winko <\/span><\/span><span id=\"page17R_mcid195\" class=\"markedContent\"> <\/span><span id=\"page17R_mcid196\" class=\"markedContent\"><\/span><span id=\"page17R_mcid197\" class=\"markedContent\">(<span dir=\"ltr\" role=\"presentation\">Universit\u00e4t G\u00f6ttingen): <\/span><\/span><span id=\"page17R_mcid200\" class=\"markedContent\"><span dir=\"ltr\" role=\"presentation\">Exzerpieren und\/als <\/span><\/span><span id=\"page17R_mcid201\" class=\"markedContent\"><span dir=\"ltr\" role=\"presentation\">Wertungshandeln. <\/span><\/span><span id=\"page17R_mcid202\" class=\"markedContent\"><span dir=\"ltr\" role=\"presentation\">Literaturwissenschaftliche <\/span><\/span><span id=\"page17R_mcid203\" class=\"markedContent\"><span dir=\"ltr\" role=\"presentation\">Perspektiven<\/span><\/span><span id=\"page17R_mcid204\" class=\"markedContent\"> <\/span><\/p>\n<p><span id=\"page17R_mcid205\" class=\"markedContent\"><\/span><span id=\"page17R_mcid206\" class=\"markedContent\"><\/span><span id=\"page17R_mcid206\" class=\"markedContent\"> <\/span><span id=\"page17R_mcid207\" class=\"markedContent\"><\/span><span id=\"page17R_mcid208\" class=\"markedContent\"> <\/span><span id=\"page17R_mcid209\" class=\"markedContent\"><\/span><span id=\"page17R_mcid210\" class=\"markedContent\"><\/span><strong><span id=\"page17R_mcid211\" class=\"markedContent\"><span dir=\"ltr\" role=\"presentation\">04.02.2022<\/span><\/span><span id=\"page17R_mcid212\" class=\"markedContent\"> <\/span><\/strong><span id=\"page17R_mcid214\" class=\"markedContent\"><strong>| 10-12 h<\/strong> <br role=\"presentation\" \/><span dir=\"ltr\" role=\"presentation\">Frederike Neuber <\/span><\/span><span id=\"page17R_mcid215\" class=\"markedContent\"> <\/span><span id=\"page17R_mcid216\" class=\"markedContent\"><\/span><span id=\"page17R_mcid217\" class=\"markedContent\">(<span dir=\"ltr\" role=\"presentation\">Berlin<\/span><\/span><span id=\"page17R_mcid218\" class=\"markedContent\"><span dir=\"ltr\" role=\"presentation\">&#8211;<\/span><\/span><span id=\"page17R_mcid219\" class=\"markedContent\"><span dir=\"ltr\" role=\"presentation\">Brandenburgische Akademie der Wissenschaften): <\/span><\/span><span id=\"page17R_mcid222\" class=\"markedContent\"><span dir=\"ltr\" role=\"presentation\">Daten als Text. Wie wir digitale <\/span><\/span><span id=\"page17R_mcid223\" class=\"markedContent\"><span dir=\"ltr\" role=\"presentation\">Editionen lesen und rezipieren <\/span><\/span><span id=\"page17R_mcid224\" class=\"markedContent\"><span dir=\"ltr\" role=\"presentation\">(m\u00fcssten)<\/span><\/span><span id=\"page17R_mcid225\" class=\"markedContent\"> <\/span><span id=\"page17R_mcid226\" class=\"markedContent\"><\/span><span id=\"page17R_mcid227\" class=\"markedContent\"><\/span><\/p>\n<p><span id=\"page17R_mcid227\" class=\"markedContent\"><br role=\"presentation\" \/><span dir=\"ltr\" role=\"presentation\">Philipp Hegel <\/span><\/span><span id=\"page17R_mcid228\" class=\"markedContent\"> <\/span><span id=\"page17R_mcid229\" class=\"markedContent\"><\/span><span id=\"page17R_mcid230\" class=\"markedContent\">(<span dir=\"ltr\" role=\"presentation\">Technische Universit\u00e4t Darmstadt<\/span><\/span><span id=\"page17R_mcid233\" class=\"markedContent\">): <span dir=\"ltr\" role=\"presentation\">Text als <\/span><\/span><span id=\"page17R_mcid234\" class=\"markedContent\"><span dir=\"ltr\" role=\"presentation\">Daten<\/span><\/span><span id=\"page17R_mcid235\" class=\"markedContent\"><span dir=\"ltr\" role=\"presentation\">.<\/span><\/span><span id=\"page17R_mcid236\" class=\"markedContent\"> <\/span><span id=\"page17R_mcid237\" class=\"markedContent\"><span dir=\"ltr\" role=\"presentation\">Annotationen im <\/span><\/span><span id=\"page17R_mcid238\" class=\"markedContent\"><span dir=\"ltr\" role=\"presentation\">Medienwechsel<\/span><\/span><\/p>\n<p>Mehr Informationen zum Projekt <a href=\"https:\/\/exzerpte.uzi.uni-halle.de\/\" target=\"_blank\" rel=\"noopener noreferrer\">Exzerpte.<\/a><\/p>\n<p>Flyer zur Veranstaltung: <a href=\"https:\/\/dhd-blog.org\/app\/uploads\/2021\/09\/Programm_Vortragsreihe_Exzerpte_VHzD_final.pdf\">Programm_Vortragsreihe_Exzerpte_VHzD_final<\/a><\/p>\n<p>\u00a0<\/p>\n","protected":false},"excerpt":{"rendered":"<p>Einladung zu einer Online-Vortragsreihe des BMBF-gef\u00f6rderten Projekts Exzerpte Im Rahmen des vom BMBF gef\u00f6rderten Verbundprojekts der Universit\u00e4t Halle&#8211;Wittenberg und der TU Darmstadt wird erstmals die hybride Formation des Exzerpts in den Mittelpunkt eines Digital&#8211;Humanities&#8211;Vorhabens gestellt. Am Beispiel von Johann Joachim Winckelmanns Gedancken \u00fcber die Nachahmung (1755\/56) und den ihnen zugrundeliegenden umfangreichen Exzerpten widmet sich das [&hellip;]<\/p>\n","protected":false},"author":6,"featured_media":0,"comment_status":"open","ping_status":"open","sticky":false,"template":"","format":"standard","meta":{"footnotes":""},"categories":[1],"tags":[668,1350,1021,1348,1347],"class_list":["post-16529","post","type-post","status-publish","format-standard","hentry","category-allgemein","tag-edition","tag-martin-luther-universitaet-halle-wittenberg","tag-tu-darmstadt","tag-virtuelle-vortragsreihe","tag-vortragsreihe"],"_links":{"self":[{"href":"https:\/\/dhd-blog.org\/index.php?rest_route=\/wp\/v2\/posts\/16529","targetHints":{"allow":["GET"]}}],"collection":[{"href":"https:\/\/dhd-blog.org\/index.php?rest_route=\/wp\/v2\/posts"}],"about":[{"href":"https:\/\/dhd-blog.org\/index.php?rest_route=\/wp\/v2\/types\/post"}],"author":[{"embeddable":true,"href":"https:\/\/dhd-blog.org\/index.php?rest_route=\/wp\/v2\/users\/6"}],"replies":[{"embeddable":true,"href":"https:\/\/dhd-blog.org\/index.php?rest_route=%2Fwp%2Fv2%2Fcomments&post=16529"}],"version-history":[{"count":18,"href":"https:\/\/dhd-blog.org\/index.php?rest_route=\/wp\/v2\/posts\/16529\/revisions"}],"predecessor-version":[{"id":16563,"href":"https:\/\/dhd-blog.org\/index.php?rest_route=\/wp\/v2\/posts\/16529\/revisions\/16563"}],"wp:attachment":[{"href":"https:\/\/dhd-blog.org\/index.php?rest_route=%2Fwp%2Fv2%2Fmedia&parent=16529"}],"wp:term":[{"taxonomy":"category","embeddable":true,"href":"https:\/\/dhd-blog.org\/index.php?rest_route=%2Fwp%2Fv2%2Fcategories&post=16529"},{"taxonomy":"post_tag","embeddable":true,"href":"https:\/\/dhd-blog.org\/index.php?rest_route=%2Fwp%2Fv2%2Ftags&post=16529"}],"curies":[{"name":"wp","href":"https:\/\/api.w.org\/{rel}","templated":true}]}}