{"id":16329,"date":"2021-08-03T10:50:14","date_gmt":"2021-08-03T08:50:14","guid":{"rendered":"https:\/\/dhd-blog.org\/?p=16329"},"modified":"2021-08-03T10:50:14","modified_gmt":"2021-08-03T08:50:14","slug":"auftaktworkshop-mediatheken-vernetzen","status":"publish","type":"post","link":"https:\/\/dhd-blog.org\/?p=16329","title":{"rendered":"Auftaktworkshop Mediatheken vernetzen"},"content":{"rendered":"\n<p>Am <strong>7. Oktober 2021, 11:00 &#8211; 17:00 Uhr<\/strong> findet die virtuelle Auftaktveranstaltung des DFG-Projekts &#8222;<a href=\"https:\/\/www.performing-arts.eu\/Content\/mediatheken\">Mediatheken der Darstellenden Kunst digital vernetzen<\/a>&#8220; statt.<br \/>Der als \u00f6ffentlicher Kick-Off gestaltete erste Veranstaltungstag eines zweit\u00e4gigen Fachtreffens widmet sich in vier Themenbl\u00f6cken zentralen Fragestellungen und Zielen des Mediatheken-Projekts, das die digitale Zusammenf\u00fchrung und institutions\u00fcbergreifende freie Zug\u00e4nglichmachung von Metadaten zu audiovisuellen (AV-) Best\u00e4nden der Darstellenden Kunst anstrebt. Im Rahmen der Veranstaltung adressieren Expert:innen aktuelle rechtliche Sachverhalte im Umgang mit AV-Medien im Bereich Darstellende Kunst, geben Einblick in die Arbeit mit AV-Ressourcen und Normdaten in Bibliotheken und besch\u00e4ftigen sich vertiefend mit dem Erhalt sowie der Vernetzung von AV-Sammlungen und Medienarchiven im k\u00fcnstlerischen sowie universit\u00e4ren Kontext.<\/p>\n<p>Ein ausf\u00fchrliches Programm sowie der Link zur Veranstaltung wird nach Anmeldung vor der Veranstaltung zugesandt.<\/p>\n<p>Gern k\u00f6nnen Sie sich bereits jetzt anmelden unter: <a href=\"mailto:c.henniger@iti-germany.de\">c.henniger@iti-germany.de<\/a><br \/>Weitere Informationen zum Projekt: <a href=\"https:\/\/www.performing-arts.eu\/Content\/mediatheken\">https:\/\/www.performing-arts.eu\/Content\/mediatheken<\/a><\/p>\n","protected":false},"excerpt":{"rendered":"<p>Am 7. Oktober 2021, 11:00 &#8211; 17:00 Uhr findet die virtuelle Auftaktveranstaltung des DFG-Projekts &#8222;Mediatheken der Darstellenden Kunst digital vernetzen&#8220; statt.Der als \u00f6ffentlicher Kick-Off gestaltete erste Veranstaltungstag eines zweit\u00e4gigen Fachtreffens widmet sich in vier Themenbl\u00f6cken zentralen Fragestellungen und Zielen des Mediatheken-Projekts, das die digitale Zusammenf\u00fchrung und institutions\u00fcbergreifende freie Zug\u00e4nglichmachung von Metadaten zu audiovisuellen (AV-) Best\u00e4nden [&hellip;]<\/p>\n","protected":false},"author":297,"featured_media":16330,"comment_status":"open","ping_status":"open","sticky":false,"template":"","format":"standard","meta":{"footnotes":""},"categories":[773,5,4],"tags":[1323,1321,1322],"class_list":["post-16329","post","type-post","status-publish","format-standard","has-post-thumbnail","hentry","category-forschungsdaten","category-forschungsinfrastruktur","category-veranstaltungen","tag-audiovisuelle-medien","tag-darstellende-kunst","tag-mediatheken"],"_links":{"self":[{"href":"https:\/\/dhd-blog.org\/index.php?rest_route=\/wp\/v2\/posts\/16329","targetHints":{"allow":["GET"]}}],"collection":[{"href":"https:\/\/dhd-blog.org\/index.php?rest_route=\/wp\/v2\/posts"}],"about":[{"href":"https:\/\/dhd-blog.org\/index.php?rest_route=\/wp\/v2\/types\/post"}],"author":[{"embeddable":true,"href":"https:\/\/dhd-blog.org\/index.php?rest_route=\/wp\/v2\/users\/297"}],"replies":[{"embeddable":true,"href":"https:\/\/dhd-blog.org\/index.php?rest_route=%2Fwp%2Fv2%2Fcomments&post=16329"}],"version-history":[{"count":4,"href":"https:\/\/dhd-blog.org\/index.php?rest_route=\/wp\/v2\/posts\/16329\/revisions"}],"predecessor-version":[{"id":17434,"href":"https:\/\/dhd-blog.org\/index.php?rest_route=\/wp\/v2\/posts\/16329\/revisions\/17434"}],"wp:featuredmedia":[{"embeddable":true,"href":"https:\/\/dhd-blog.org\/index.php?rest_route=\/wp\/v2\/media\/16330"}],"wp:attachment":[{"href":"https:\/\/dhd-blog.org\/index.php?rest_route=%2Fwp%2Fv2%2Fmedia&parent=16329"}],"wp:term":[{"taxonomy":"category","embeddable":true,"href":"https:\/\/dhd-blog.org\/index.php?rest_route=%2Fwp%2Fv2%2Fcategories&post=16329"},{"taxonomy":"post_tag","embeddable":true,"href":"https:\/\/dhd-blog.org\/index.php?rest_route=%2Fwp%2Fv2%2Ftags&post=16329"}],"curies":[{"name":"wp","href":"https:\/\/api.w.org\/{rel}","templated":true}]}}