{"id":15590,"date":"2021-03-29T18:05:00","date_gmt":"2021-03-29T16:05:00","guid":{"rendered":"https:\/\/dhd-blog.org\/?p=15590"},"modified":"2021-03-29T19:46:52","modified_gmt":"2021-03-29T17:46:52","slug":"job-beschaeftigte-r-m-w-d-vollzeitbeschaeftigung-befristet-bis-zu-5-jahre-entgeltgruppe-13-tv-l-fu-koordination-dh-kompetenzzentrum-freie-universitaet-berlin","status":"publish","type":"post","link":"https:\/\/dhd-blog.org\/?p=15590","title":{"rendered":"Job: Besch\u00e4ftigte\/-r (m\/w\/d), Vollzeitbesch\u00e4ftigung befristet bis zu 5 Jahre, Entgeltgruppe 13 TV-L FU, Koordination DH-Kompetenzzentrum, Freie Universit\u00e4t Berlin"},"content":{"rendered":"\n<h3>Bewerbungsende: 19.04.2021<\/h3>\n<p>Link zum Ausschreibungstext <a href=\"https:\/\/www.fu-berlin.de\/universitaet\/beruf-karriere\/jobs\/nichtwiss\/58_universitaetsbibliothek\/UB-UB-2020-38.html\">https:\/\/www.fu-berlin.de\/universitaet\/beruf-karriere\/jobs\/nichtwiss\/58_universitaetsbibliothek\/UB-UB-2020-38.html<\/a><\/p>\n<div class=\"editor-content \">\n<p>Das neu gegr\u00fcndete Kompetenzzentrum f\u00fcr Digital Humanities an der Freien Universit\u00e4t Berlin unterst\u00fctzt Vorhaben, Verfahren und Methodenentwicklung auf dem Gebiet der digitalen Geisteswissenschaften. Es wird ma\u00dfgeblich von den Fachbereichen Geschichts- und Kulturwissenschaften, Philosophie und Geisteswissenschaften, Mathematik und Informatik sowie der Universit\u00e4tsbibliothek getragen. In Verbindung mit und komplement\u00e4r zum Dahlem Humanities Center fungiert es als geisteswissenschaftlicher Hub an der Freien Universit\u00e4t Berlin und innerhalb der Berlin University Alliance. Die Stelle ist an der Universit\u00e4tsbibliothek angesiedelt.<\/p>\n<p><strong>Aufgabengebiet:<\/strong><br \/>Wir suchen eine kommunikationsstarke, teamf\u00e4hige, innovative und intellektuell neugierige Pers\u00f6nlichkeit, um die Digital Humanities Aktivit\u00e4ten an der Freien Universit\u00e4t Berlin zu koordinieren. Wir bieten vielf\u00e4ltige Weiterbildungsm\u00f6glichkeiten und Angebote zur Gesundheits-f\u00f6rderung sowie eine attraktive Besch\u00e4ftigung im Bereich des Wissenschaftsmanagements. <br \/>Die Koordination des Kompetenzzentrums Digital Humanities beinhaltet folgende Aufgaben:<\/p>\n<ul>\n<li>\u00a0B\u00fcndeln, Vernetzen und F\u00f6rdern von Aktivit\u00e4ten, Projekten und Services auf dem Gebiet der Digital Humanities an der Freien Universit\u00e4t Berlin<\/li>\n<li>Konzeption und Koordination von themen- und methodenbezogenen Arbeitsgruppen und Labs<\/li>\n<li>Aufbau, Kuratierung und Weiterentwicklung einer nachhaltigen, f\u00e4cher\u00fcbergreifenden Wissensbasis<\/li>\n<li>konzeptionelle und organisatorische Federf\u00fchrung beim Aufbau einer Beratungs- und Trainingsinfrastruktur<\/li>\n<li>inhaltliche Unterst\u00fctzung f\u00fcr Drittmittelantr\u00e4ge<\/li>\n<\/ul>\n<p>\u00a0<\/p>\n<p><strong>Einstellungsvoraussetzungen:<\/strong><br \/>Abgeschlossenes wissenschaftlichen Hochschulstudium eines geistes- oder kulturwissenschaftlichen Faches (Master\/Magister) oder gleichwertige F\u00e4higkeiten und Erfahrungen<\/p>\n<p>\u00a0<\/p>\n<p><strong>Erw\u00fcnscht:<\/strong><\/p>\n<ul>\n<li>umfassende Erfahrungen mit und vertiefte Kenntnisse von g\u00e4ngigen Werkzeugen und Methoden der Digital Humanities<\/li>\n<li>Erfahrungen mit der Organisation und Koordination von Forschungsprojekten auf dem Gebiet der Digital Humanities im Hochschulkontext (Projektmanagement)<\/li>\n<li>Promotion in einem einschl\u00e4gigen Fach<\/li>\n<li>sehr gute Deutsch- und Englischkenntnisse in Wort und Schrift<\/li>\n<\/ul>\n<\/div>\n<div class=\"box-job-offer-special-info\">\n<h2>\u00a0<\/h2>\n<h2>Weitere Informationen<\/h2>\n<p>Bewerbungen sind mit aussagekr\u00e4ftigen Unterlagen unter Angabe der <strong>Kennung UB\/2020\/38<\/strong> im Format PDF (vorzugsweise als <em>ein<\/em> Dokument) elektronisch per E-Mail zu richten an Dr. Andreas Brandtner: <a href=\"mailto:sekretariat@ub.fu-berlin.de\">sekretariat@ub.fu-berlin.de<\/a> .<\/p>\n<p>Aus gegebenem Anlass und f\u00fcr die Zeit des eingeschr\u00e4nkten Pr\u00e4senzbetriebes der Freien Universit\u00e4t Berlin bitten wir Sie, sich elektronisch per E-Mail zu bewerben. Die Bearbeitung einer postalischen Bewerbung kann nicht sichergestellt werden.<\/p>\n<p>Freie Universit\u00e4t Berlin<br \/>Universit\u00e4tsbibliothek<br \/>Dr. Andreas Brandtner<br \/>Garystr. 39<br \/>14195 Berlin (Dahlem)<\/p>\n<p>Mit der Abgabe einer Onlinebewerbung geben Sie als Bewerber\/in Ihr Einverst\u00e4ndnis, dass Ihre Daten elektronisch verarbeitet und gespeichert werden. Wir weisen darauf hin, dass bei ungesch\u00fctzter \u00dcbersendung Ihrer Bewerbung auf elektronischem Wege von Seiten der Freien Universit\u00e4t Berlin keine Gew\u00e4hr f\u00fcr die Sicherheit \u00fcbermittelter pers\u00f6nlicher Daten \u00fcbernommen werden kann.<\/p>\n<\/div>\n","protected":false},"excerpt":{"rendered":"<p>Bewerbungsende: 19.04.2021 Link zum Ausschreibungstext https:\/\/www.fu-berlin.de\/universitaet\/beruf-karriere\/jobs\/nichtwiss\/58_universitaetsbibliothek\/UB-UB-2020-38.html Das neu gegr\u00fcndete Kompetenzzentrum f\u00fcr Digital Humanities an der Freien Universit\u00e4t Berlin unterst\u00fctzt Vorhaben, Verfahren und Methodenentwicklung auf dem Gebiet der digitalen Geisteswissenschaften. Es wird ma\u00dfgeblich von den Fachbereichen Geschichts- und Kulturwissenschaften, Philosophie und Geisteswissenschaften, Mathematik und Informatik sowie der Universit\u00e4tsbibliothek getragen. In Verbindung mit und komplement\u00e4r zum Dahlem [&hellip;]<\/p>\n","protected":false},"author":195,"featured_media":0,"comment_status":"open","ping_status":"open","sticky":false,"template":"","format":"standard","meta":{"footnotes":""},"categories":[1,3],"tags":[1255,1256,519],"class_list":["post-15590","post","type-post","status-publish","format-standard","hentry","category-allgemein","category-stellen","tag-dh-koordination","tag-freie-universitaet-berlin","tag-job"],"_links":{"self":[{"href":"https:\/\/dhd-blog.org\/index.php?rest_route=\/wp\/v2\/posts\/15590","targetHints":{"allow":["GET"]}}],"collection":[{"href":"https:\/\/dhd-blog.org\/index.php?rest_route=\/wp\/v2\/posts"}],"about":[{"href":"https:\/\/dhd-blog.org\/index.php?rest_route=\/wp\/v2\/types\/post"}],"author":[{"embeddable":true,"href":"https:\/\/dhd-blog.org\/index.php?rest_route=\/wp\/v2\/users\/195"}],"replies":[{"embeddable":true,"href":"https:\/\/dhd-blog.org\/index.php?rest_route=%2Fwp%2Fv2%2Fcomments&post=15590"}],"version-history":[{"count":6,"href":"https:\/\/dhd-blog.org\/index.php?rest_route=\/wp\/v2\/posts\/15590\/revisions"}],"predecessor-version":[{"id":15596,"href":"https:\/\/dhd-blog.org\/index.php?rest_route=\/wp\/v2\/posts\/15590\/revisions\/15596"}],"wp:attachment":[{"href":"https:\/\/dhd-blog.org\/index.php?rest_route=%2Fwp%2Fv2%2Fmedia&parent=15590"}],"wp:term":[{"taxonomy":"category","embeddable":true,"href":"https:\/\/dhd-blog.org\/index.php?rest_route=%2Fwp%2Fv2%2Fcategories&post=15590"},{"taxonomy":"post_tag","embeddable":true,"href":"https:\/\/dhd-blog.org\/index.php?rest_route=%2Fwp%2Fv2%2Ftags&post=15590"}],"curies":[{"name":"wp","href":"https:\/\/api.w.org\/{rel}","templated":true}]}}