{"id":1514,"date":"2013-04-08T09:59:31","date_gmt":"2013-04-08T07:59:31","guid":{"rendered":"http:\/\/dhd-blog.org\/?p=1514"},"modified":"2013-04-08T09:59:31","modified_gmt":"2013-04-08T07:59:31","slug":"deutsches-museum-in-munchen-sucht-projektleiterin-fur-digitalisierung","status":"publish","type":"post","link":"https:\/\/dhd-blog.org\/?p=1514","title":{"rendered":"Deutsches Museum in M\u00fcnchen sucht Projektleiter\/in f\u00fcr Digitalisierung"},"content":{"rendered":"<p>Zum n\u00e4chstm\u00f6glichen Zeitpunkt ist am <strong>Deutschen Museum in M\u00fcnchen<\/strong> die Position eines\/r Projektleiters\/in f\u00fcr die gemeinsamen Digitalisierungsaktivit\u00e4ten von Objektsammlungen, Bibliothek und Archiv (<strong>&#8222;Deutsches Museum Digital&#8220;<\/strong>) zu besetzen.<\/p>\n<p>Zu den Aufgaben geh\u00f6ren u.a.<\/p>\n<ul>\n<li>Strukturieren der Kernfragen, Identifizierung von Herausforderungen und Erarbeiten<br \/>\nvon L\u00f6sungen f\u00fcr die <strong>sparten\u00fcbergreifende Online-Pr\u00e4sentation der<\/strong><br \/>\n<strong>digitalisierten Best\u00e4nde<\/strong> des Deutschen Museums<\/li>\n<li><strong>Aufbau der organisatorischen und technischen Strukturen<\/strong> in Zusammenarbeit mit den Zentral- und Fachabteilungen<\/li>\n<li>Leiten und F\u00fchren der Arbeitsstr\u00e4nge zum Endprodukt, Koordinieren der Ma\u00dfnahmen,<\/li>\n<li>Planung und Koordinierung der Mittel- und Ressourcenverwendung<\/li>\n<li>Repr\u00e4sentation des Projekts in- und au\u00dferhalb des Deutschen Museums durch Vortr\u00e4ge und Publikationen.<\/li>\n<\/ul>\n<p>Die Stelle ist zun\u00e4chst auf drei Jahre befristet. Bewerbungsschlu\u00df ist der <strong>18.04.2013<\/strong>.<\/p>\n<p>Vollst\u00e4ndiger Ausschreibungstext und weitere Informationen: <a href=\"http:\/\/www.deutsches-museum.de\/information\/wir-ueber-uns\/stellenangebote\/\">http:\/\/www.deutsches-museum.de\/information\/wir-ueber-uns\/stellenangebote\/<\/a>\u00a0 .<\/p>\n","protected":false},"excerpt":{"rendered":"<p>Zum n\u00e4chstm\u00f6glichen Zeitpunkt ist am Deutschen Museum in M\u00fcnchen die Position eines\/r Projektleiters\/in f\u00fcr die gemeinsamen Digitalisierungsaktivit\u00e4ten von Objektsammlungen, Bibliothek und Archiv (&#8222;Deutsches Museum Digital&#8220;) zu besetzen. Zu den Aufgaben geh\u00f6ren u.a. Strukturieren der Kernfragen, Identifizierung von Herausforderungen und Erarbeiten von L\u00f6sungen f\u00fcr die sparten\u00fcbergreifende Online-Pr\u00e4sentation der digitalisierten Best\u00e4nde des Deutschen Museums Aufbau der organisatorischen [&hellip;]<\/p>\n","protected":false},"author":3,"featured_media":0,"comment_status":"open","ping_status":"open","sticky":false,"template":"","format":"standard","meta":{"footnotes":""},"categories":[3],"tags":[],"class_list":["post-1514","post","type-post","status-publish","format-standard","hentry","category-stellen"],"_links":{"self":[{"href":"https:\/\/dhd-blog.org\/index.php?rest_route=\/wp\/v2\/posts\/1514","targetHints":{"allow":["GET"]}}],"collection":[{"href":"https:\/\/dhd-blog.org\/index.php?rest_route=\/wp\/v2\/posts"}],"about":[{"href":"https:\/\/dhd-blog.org\/index.php?rest_route=\/wp\/v2\/types\/post"}],"author":[{"embeddable":true,"href":"https:\/\/dhd-blog.org\/index.php?rest_route=\/wp\/v2\/users\/3"}],"replies":[{"embeddable":true,"href":"https:\/\/dhd-blog.org\/index.php?rest_route=%2Fwp%2Fv2%2Fcomments&post=1514"}],"version-history":[{"count":6,"href":"https:\/\/dhd-blog.org\/index.php?rest_route=\/wp\/v2\/posts\/1514\/revisions"}],"predecessor-version":[{"id":1520,"href":"https:\/\/dhd-blog.org\/index.php?rest_route=\/wp\/v2\/posts\/1514\/revisions\/1520"}],"wp:attachment":[{"href":"https:\/\/dhd-blog.org\/index.php?rest_route=%2Fwp%2Fv2%2Fmedia&parent=1514"}],"wp:term":[{"taxonomy":"category","embeddable":true,"href":"https:\/\/dhd-blog.org\/index.php?rest_route=%2Fwp%2Fv2%2Fcategories&post=1514"},{"taxonomy":"post_tag","embeddable":true,"href":"https:\/\/dhd-blog.org\/index.php?rest_route=%2Fwp%2Fv2%2Ftags&post=1514"}],"curies":[{"name":"wp","href":"https:\/\/api.w.org\/{rel}","templated":true}]}}