{"id":14621,"date":"2020-11-06T09:06:49","date_gmt":"2020-11-06T08:06:49","guid":{"rendered":"https:\/\/dhd-blog.org\/?p=14621"},"modified":"2020-11-06T09:10:59","modified_gmt":"2020-11-06T08:10:59","slug":"der-creta-verein","status":"publish","type":"post","link":"https:\/\/dhd-blog.org\/?p=14621","title":{"rendered":"Der CRETA-Verein"},"content":{"rendered":"\n<div class=\"wp-block-group\"><div class=\"wp-block-group__inner-container is-layout-flow wp-block-group-is-layout-flow\">\n<p>Am 23.10.2020 ist das eHumanities-Zentrum CRETA mit der Gr\u00fcndung eines Vereines in eine neue Phase \u00fcbergegangen. Mit der Vereinsgr\u00fcndung wird einerseits der Tatsache Rechnung getragen, dass \u00fcber Stuttgart hinaus inzwischen Wissenschaftlerinnen und Wissenschaftler an \u00e4hnlichen Zielen arbeiten und CRETA in vielf\u00e4ltiger Weise verbunden sind, etwa durch gemeinsame Projekte. Andererseits sind einige CRETA-Angeh\u00f6rige jetzt oder demn\u00e4chst nicht mehr an der Universit\u00e4t Stuttgart t\u00e4tig. CRETA verwandelt sich also in ein <strong>dezentrales Zentrum<\/strong>, das k\u00fcnftig als (noch einzutragender) Verein agiert. Der Verein wird dann viele der Aktivit\u00e4ten &#8212; Coaching, Werkst\u00e4tten, Hackatorials &#8212; weiterf\u00fchren.<\/p>\n<\/div><\/div>\n\n\n\n<div class=\"wp-block-image is-style-default\"><figure class=\"alignright size-medium\"><img decoding=\"async\" src=\"https:\/\/dhd-blog.org\/app\/uploads\/2020\/11\/Logo_creta-1-1024x384.png\" alt=\"\" class=\"wp-image-14624\" width=\"350\" srcset=\"https:\/\/dhd-blog.org\/app\/uploads\/2020\/11\/Logo_creta-1-1024x384.png 1024w, https:\/\/dhd-blog.org\/app\/uploads\/2020\/11\/Logo_creta-1-300x113.png 300w, https:\/\/dhd-blog.org\/app\/uploads\/2020\/11\/Logo_creta-1-768x288.png 768w, https:\/\/dhd-blog.org\/app\/uploads\/2020\/11\/Logo_creta-1-1536x577.png 1536w, https:\/\/dhd-blog.org\/app\/uploads\/2020\/11\/Logo_creta-1.png 1598w\" sizes=\"(max-width: 1024px) 100vw, 1024px\" \/><\/figure><\/div>\n\n\n\n<p>Die neue Adresse (und Webseite) des Vereins ist <a href=\"http:\/\/www.cretaverein.de\">www.cretaverein.de<\/a>.<\/p>\n\n\n\n<h2 class=\"wp-block-heading\">Warum ein Verein?<\/h2>\n\n\n\n<p>Da die F\u00f6rderung durch das <a href=\"https:\/\/www.bmbf.de\">BMBF<\/a> Ende des Jahres ausl\u00e4uft, stellte sich naheliegenderweise die Frage, wie und ob CRETA weitergef\u00fchrt wird. Im Zuge der Einrichtung von CRETA an der Universit\u00e4t Stuttgart wurden ja auch ein Masterstudium und eine Professur f\u00fcr Digital Humanities eingerichtet, die institutionell nat\u00fcrlich eine Verdauerung darstellen. Allerdings ist die Institutionalisierung in dieser Form nur die eine Seite. Die andere ist, dass sich in f\u00fcnf Jahren CRETA ein Netzwerk an Wissenschaftlerinnen und Wissenschaftlern (auch und gerade aus dem wissenschaftlichen Nachwuchs) aus den verschiedenen Disziplinen gebildet hat, das aufeinander eingespielt und in interdisziplin\u00e4ren Aktivit\u00e4ten ge\u00fcbt ist. Dieses Netzwerk wollen wir erhalten, auch wenn nicht mehr alle Beteiligten im gleichen Projekt arbeiten.<\/p>\n\n\n\n<p>Ein weiterer Punkt ist, dass CRETA in den vergangenen Jahren vielf\u00e4ltige Beziehungen zu Wissenschaftlerinnen und Wissenschaftlern an anderen Einrichtungen aufgebaut hat, durch gemeinsame Projekte, Workshops, Ver\u00f6ffentlichungen oder <a href=\"https:\/\/sharedtasksinthedh.github.io\">wilde Ideen<\/a>. Diese Verbindungen zu st\u00e4rken und ein wenig zu institutionalisieren ist eine weitere Motivation daf\u00fcr, nach Ende der BMBF-F\u00f6rderung <em>etwas<\/em> zu tun.<\/p>\n\n\n\n<p>Warum also ein Verein? Weil ein Verein von allen M\u00f6glichkeiten eine Institution zu erzeugen, die flexibelste und niedrigschwelligste ist &#8212; zudem existiert mit dem <a href=\"https:\/\/www.i-d-e.de\">Institut f\u00fcr Dokumentologie und Editorik<\/a> ein Beispiel, an dem wir uns auch ein bisschen orientieren. Wie wir in unserem <a href=\"http:\/\/cretaverein.de\/research\"><em>mission statement<\/em><\/a> festgehalten haben, sehen wir nach wie vor viele Baustellen, an denen es sich &#8212; gemeinsam &#8212; zu arbeiten lohnt. Der Verein bietet daf\u00fcr eine nicht an eine spezifische Universit\u00e4t gebundene organisatorische und institutionelle H\u00fclle.<\/p>\n\n\n\n<h2 class=\"wp-block-heading\">Was macht der Verein konkret?<\/h2>\n\n\n\n<p>Es gibt einige Aktivit\u00e4ten, die wir als eHumanities-Zentrum angefangen haben, die auch als Verein weitergef\u00fchrt werden sollen. Allen voran sind das regelm\u00e4\u00dfige Werkst\u00e4tten, bei denen recht frei \u00fcber die verschiedenen konkreten Projekte diskutiert werden kann. Diese stehen nat\u00fcrlich allen Vereinsmitgliedern offen (und nat\u00fcrlich werden wir in dem Rahmen auch unsere Mitgliederversammlungen abhalten). Voraussichtlich wird die n\u00e4chste Werkstatt im Herbst 2021 stattfinden.<\/p>\n\n\n\n<p>Eine andere Aktivit\u00e4t, die 2021 auch wiederaufgenommen werden soll, ist das <a href=\"http:\/\/cretaverein.de\/coaching\"><em>coaching<\/em><\/a>, also die individuelle Beratung von Nachwuchswissenschaftlerinnen und -wissenschaftlern durch das CRETA-Team. Eine Erweiterung des Portfolios durch Workshops und Tutorials ist ebenfalls angedacht.<\/p>\n\n\n\n<p>Haupts\u00e4chlich ist der Verein aber eine Art Dach f\u00fcr konkrete Projekte, denen sich die Vereinsmitglieder widmen. Einige dieser Projekte sind <a href=\"http:\/\/cretaverein.de\/research\/#projekte\">hier<\/a> verlinkt.<\/p>\n\n\n\n<h2 class=\"wp-block-heading\">Wer kann Mitglied werden?<\/h2>\n\n\n\n<p>Um dem CRETA-Verein beizutreten, muss man keine Verbindungen nach Stuttgart haben. Voraussetzung ist ein Interesse an Aspekten der reflektierten Textanalyse, wie sie z.B. im <em>mission statement<\/em> festgehalten sind, und die Bereitschaft, sich etwa im Rahmen von Werkst\u00e4tten ein wenig einzubringen.<\/p>\n\n\n\n<p>Details dazu k\u00f6nnen <a href=\"http:\/\/cretaverein.de\/about\/\">dieser Seite<\/a> entnommen werden.<\/p>\n\n\n","protected":false},"excerpt":{"rendered":"<p>Am 23.10.2020 ist das eHumanities-Zentrum CRETA mit der Gr\u00fcndung eines Vereines in eine neue Phase \u00fcbergegangen. Mit der Vereinsgr\u00fcndung wird einerseits der Tatsache Rechnung getragen, dass \u00fcber Stuttgart hinaus inzwischen Wissenschaftlerinnen und Wissenschaftler an \u00e4hnlichen Zielen arbeiten und CRETA in vielf\u00e4ltiger Weise verbunden sind, etwa durch gemeinsame Projekte. Andererseits sind einige CRETA-Angeh\u00f6rige jetzt oder demn\u00e4chst nicht mehr an der Universit\u00e4t Stuttgart t\u00e4tig. CRETA verwandelt sich also in ein dezentrales Zentrum, das k\u00fcnftig als (noch einzutragender) Verein agiert. Der Verein wird dann viele der Aktivit\u00e4ten &#8212; Coaching, Werkst\u00e4tten, Hackatorials &#8212; weiterf\u00fchren.<\/p>\n","protected":false},"author":144,"featured_media":0,"comment_status":"open","ping_status":"open","sticky":false,"template":"","format":"standard","meta":{"footnotes":""},"categories":[103,9],"tags":[963,647],"class_list":["post-14621","post","type-post","status-publish","format-standard","hentry","category-community","category-portraet-institution","tag-creta","tag-stuttgart"],"_links":{"self":[{"href":"https:\/\/dhd-blog.org\/index.php?rest_route=\/wp\/v2\/posts\/14621","targetHints":{"allow":["GET"]}}],"collection":[{"href":"https:\/\/dhd-blog.org\/index.php?rest_route=\/wp\/v2\/posts"}],"about":[{"href":"https:\/\/dhd-blog.org\/index.php?rest_route=\/wp\/v2\/types\/post"}],"author":[{"embeddable":true,"href":"https:\/\/dhd-blog.org\/index.php?rest_route=\/wp\/v2\/users\/144"}],"replies":[{"embeddable":true,"href":"https:\/\/dhd-blog.org\/index.php?rest_route=%2Fwp%2Fv2%2Fcomments&post=14621"}],"version-history":[{"count":22,"href":"https:\/\/dhd-blog.org\/index.php?rest_route=\/wp\/v2\/posts\/14621\/revisions"}],"predecessor-version":[{"id":14722,"href":"https:\/\/dhd-blog.org\/index.php?rest_route=\/wp\/v2\/posts\/14621\/revisions\/14722"}],"wp:attachment":[{"href":"https:\/\/dhd-blog.org\/index.php?rest_route=%2Fwp%2Fv2%2Fmedia&parent=14621"}],"wp:term":[{"taxonomy":"category","embeddable":true,"href":"https:\/\/dhd-blog.org\/index.php?rest_route=%2Fwp%2Fv2%2Fcategories&post=14621"},{"taxonomy":"post_tag","embeddable":true,"href":"https:\/\/dhd-blog.org\/index.php?rest_route=%2Fwp%2Fv2%2Ftags&post=14621"}],"curies":[{"name":"wp","href":"https:\/\/api.w.org\/{rel}","templated":true}]}}