{"id":14289,"date":"2020-08-31T10:40:34","date_gmt":"2020-08-31T08:40:34","guid":{"rendered":"https:\/\/dhd-blog.org\/?p=14289"},"modified":"2020-08-31T10:40:34","modified_gmt":"2020-08-31T08:40:34","slug":"verschiebung-der-dhd2021","status":"publish","type":"post","link":"https:\/\/dhd-blog.org\/?p=14289","title":{"rendered":"Verschiebung der DHd2021"},"content":{"rendered":"\n<p>Angesichts der durch die COVID-19-Pandemie bedingten gesundheitlichen Risiken und planerischen Unsicherheiten haben sich der Verband \u00bbDigital Humanities im deutschsprachigen Raum e.V.\u00ab (DHd), die lokalen Organisator*innen an der Universit\u00e4t Potsdam und der Fachhochschule Potsdam sowie das vom Verband eingesetzte Programmkomitee \u2013 nach intensiver Diskussion und mit gro\u00dfem Bedauern \u2013 daf\u00fcr entschieden, die urspr\u00fcnglich f\u00fcr den Zeitraum 15. bis 19. M\u00e4rz 2021 geplante Tagung DHd2021, die 8. Jahrestagung des DHd-Verbandes, sowie den entsprechenden Call for Papers, um ein Jahr auf einen Termin im <strong>M\u00e4rz 2022<\/strong> zu verschieben.<\/p>\n<p>Wir bitten um Verst\u00e4ndnis f\u00fcr diese keinesweg leichtfertig getroffene Entscheidung.\u00a0\u00a0<\/p>\n<p>Updates zur Zeitplanung f\u00fcr die Tagung sowie zur Einreichungsfrist f\u00fcr den Call for Papers erfolgen sp\u00e4testens bis November 2020.<\/p>\n<p>\u00a0<\/p>\n<h1>Warum wird die DHd2021 verschoben?<\/h1>\n<p>Derzeit gibt es aus Sicht des Verbandes und der lokalen Organisator*innen leider kein wissenschaftlich belastbares und verantwortbares Szenario, nach dem die Durchf\u00fchrung einer Gro\u00dfveranstaltung vom Format einer DHd-Jahrestagung im M\u00e4rz 2021 \u2013 und damit mitten im Zyklus der j\u00e4hrlichen Infektionswellen (\u203aGrippesaison\u2039) \u2013 auf eine auch nur ann\u00e4hernd gewohnte Weise wahrscheinlich erscheint. Zugleich sind wir der festen \u00dcberzeugung, dass ein wesentliches Element der DHd-Jahrestagungen in der sozialen Zusammenkunft der DH-Community besteht. Eine reine Virtualisierung der Jahrestagung wollen wir aus diesem Grund nach M\u00f6glichkeit vermeiden.\u00a0<\/p>\n<p>\u00a0<\/p>\n<h1>Warum wird die DHd2021 bereits jetzt verschoben?<\/h1>\n<p>Eine DHd-Konferenz hat \u2013 sowohl auf Seite der Organisator*innen als auch auf Seite der Teilnehmer*innen \u2013 einen langen Vorlauf. Auf der einen Seite und mit Blick auf den laufenden Call for Papers wollen wir allen an der DHd2021 Interessierten Planungssicherheit geben, zumal in einer Zeit, in der z.B. aufgrund von fehlender Kinderbetreuung und\/oder von anstehenden Urlaubswochen Zeitmanagement entscheidend sein kann. Auf der anderen Seite kann durch eine rechtzeitige Verschiebung verhindert werden, dass der Verband und die lokalen Organisator*innen nicht revidierbare Zahlungsverpflichtungen eingehen und damit etwa durch eine kurzfristige Absage finanziellen Schaden erleiden.<\/p>\n<p>Der Verband und die lokalen Organisator*innen stellen sich gern den Diskussionen und Fragen der deutschsprachigen DH-Community.\u00a0\u00a0<\/p>\n<p>Bleibt gesund \u2013 und auf bald!<\/p>\n<p>\u00a0<\/p>\n","protected":false},"excerpt":{"rendered":"<p>Angesichts der durch die COVID-19-Pandemie bedingten gesundheitlichen Risiken und planerischen Unsicherheiten haben sich der Verband \u00bbDigital Humanities im deutschsprachigen Raum e.V.\u00ab (DHd), die lokalen Organisator*innen an der Universit\u00e4t Potsdam und der Fachhochschule Potsdam sowie das vom Verband eingesetzte Programmkomitee \u2013 nach intensiver Diskussion und mit gro\u00dfem Bedauern \u2013 daf\u00fcr entschieden, die urspr\u00fcnglich f\u00fcr den Zeitraum [&hellip;]<\/p>\n","protected":false},"author":155,"featured_media":14299,"comment_status":"open","ping_status":"open","sticky":false,"template":"","format":"standard","meta":{"footnotes":""},"categories":[103,534],"tags":[1073,1141,1142,621],"class_list":["post-14289","post","type-post","status-publish","format-standard","has-post-thumbnail","hentry","category-community","category-konferenz","tag-dhd2021","tag-dhd2022","tag-kulturen-des-digitalen-gedaechtnisses","tag-potsdam"],"_links":{"self":[{"href":"https:\/\/dhd-blog.org\/index.php?rest_route=\/wp\/v2\/posts\/14289","targetHints":{"allow":["GET"]}}],"collection":[{"href":"https:\/\/dhd-blog.org\/index.php?rest_route=\/wp\/v2\/posts"}],"about":[{"href":"https:\/\/dhd-blog.org\/index.php?rest_route=\/wp\/v2\/types\/post"}],"author":[{"embeddable":true,"href":"https:\/\/dhd-blog.org\/index.php?rest_route=\/wp\/v2\/users\/155"}],"replies":[{"embeddable":true,"href":"https:\/\/dhd-blog.org\/index.php?rest_route=%2Fwp%2Fv2%2Fcomments&post=14289"}],"version-history":[{"count":10,"href":"https:\/\/dhd-blog.org\/index.php?rest_route=\/wp\/v2\/posts\/14289\/revisions"}],"predecessor-version":[{"id":14304,"href":"https:\/\/dhd-blog.org\/index.php?rest_route=\/wp\/v2\/posts\/14289\/revisions\/14304"}],"wp:featuredmedia":[{"embeddable":true,"href":"https:\/\/dhd-blog.org\/index.php?rest_route=\/wp\/v2\/media\/14299"}],"wp:attachment":[{"href":"https:\/\/dhd-blog.org\/index.php?rest_route=%2Fwp%2Fv2%2Fmedia&parent=14289"}],"wp:term":[{"taxonomy":"category","embeddable":true,"href":"https:\/\/dhd-blog.org\/index.php?rest_route=%2Fwp%2Fv2%2Fcategories&post=14289"},{"taxonomy":"post_tag","embeddable":true,"href":"https:\/\/dhd-blog.org\/index.php?rest_route=%2Fwp%2Fv2%2Ftags&post=14289"}],"curies":[{"name":"wp","href":"https:\/\/api.w.org\/{rel}","templated":true}]}}