{"id":13723,"date":"2020-05-27T13:11:11","date_gmt":"2020-05-27T11:11:11","guid":{"rendered":"https:\/\/dhd-blog.org\/?p=13723"},"modified":"2020-05-27T13:11:11","modified_gmt":"2020-05-27T11:11:11","slug":"dhd2021-call-for-papers","status":"publish","type":"post","link":"https:\/\/dhd-blog.org\/?p=13723","title":{"rendered":"DHd2021 Call for Papers"},"content":{"rendered":"\n<div class=\"news-body\">Die 8. Jahrestagung des Verbands \u00bbDigital Humanities im deutschsprachigen Raum e.V.\u00ab wird vom 15. bis 19. M\u00e4rz 2021 an der Universit\u00e4t Potsdam und der Fachhochschule Potsdam unter dem Thema \u00bbKulturen des digitalen Ged\u00e4chtnisses\u00ab stattfinden.<br><br>Die <strong>Frist f\u00fcr die Einreichung <\/strong>von Proposals f\u00fcr die DHd2021 ist auf den <strong>30.09.2020<\/strong>, 23:59 Uhr (MESZ), festgelegt und wird <strong>nicht verl\u00e4ngert<\/strong>.<\/div>\n<div class=\"news-body\">Wir bitten um Einreichungen von Proposals in den Kategorien \u00bbVortrag\u00ab , \u00bbPanel\u00ab , \u00bbPoster\u00ab und \u00bbWorkshop\u00ab via Conftool.<\/div>\n<div class=\"news-body\"><strong><br><\/strong>Weitere Informationen zum CfP DHd2021 gibt es hier: <a href=\"https:\/\/www.dhd2021.de\/cfp\/\"><strong>https:\/\/www.dhd2021.de\/cfp\/<\/strong><\/a><\/div>\n<div>&nbsp;<\/div>\n<div class=\"news-body\">Wir freuen uns auf viele Abstracts.<\/div>\n<div class=\"news-body\">&nbsp;<\/div>\n<div class=\"news-body\">Herzliche Gr\u00fc\u00dfe,<br>Simone Kronenwett f\u00fcr den DHd<\/div>\n<div>__________________________________<\/div>\n<div>\n<pre><em><br>Simone Kronenwett<\/em><br><em>Digital Humanities im deutschsprachigen Raum (DHd)<\/em><br><em>Communications Fellow<\/em><br><em>Email: <a href=\"mailto:info@dig-hum.de\">info@dig-hum.de<\/a><\/em><br><em>Twitter: <a href=\"https:\/\/twitter.com\/DHDInfo\">@DHDInfo<\/a><\/em><br><em><a href=\"http:\/\/www.dig-hum.de\">www.dig-hum.de<\/a><\/em><\/pre>\n<\/div>\n","protected":false},"excerpt":{"rendered":"<p>Die 8. Jahrestagung des Verbands \u00bbDigital Humanities im deutschsprachigen Raum e.V.\u00ab wird vom 15. bis 19. M\u00e4rz 2021 an der Universit\u00e4t Potsdam und der Fachhochschule Potsdam unter dem Thema \u00bbKulturen des digitalen Ged\u00e4chtnisses\u00ab stattfinden. Die Frist f\u00fcr die Einreichung von Proposals f\u00fcr die DHd2021 ist auf den 30.09.2020, 23:59 Uhr (MESZ), festgelegt und wird nicht [&hellip;]<\/p>\n","protected":false},"author":183,"featured_media":0,"comment_status":"open","ping_status":"open","sticky":false,"template":"","format":"standard","meta":{"footnotes":""},"categories":[1,103,534,4],"tags":[61,1073],"class_list":["post-13723","post","type-post","status-publish","format-standard","hentry","category-allgemein","category-community","category-konferenz","category-veranstaltungen","tag-cfp","tag-dhd2021"],"_links":{"self":[{"href":"https:\/\/dhd-blog.org\/index.php?rest_route=\/wp\/v2\/posts\/13723","targetHints":{"allow":["GET"]}}],"collection":[{"href":"https:\/\/dhd-blog.org\/index.php?rest_route=\/wp\/v2\/posts"}],"about":[{"href":"https:\/\/dhd-blog.org\/index.php?rest_route=\/wp\/v2\/types\/post"}],"author":[{"embeddable":true,"href":"https:\/\/dhd-blog.org\/index.php?rest_route=\/wp\/v2\/users\/183"}],"replies":[{"embeddable":true,"href":"https:\/\/dhd-blog.org\/index.php?rest_route=%2Fwp%2Fv2%2Fcomments&post=13723"}],"version-history":[{"count":2,"href":"https:\/\/dhd-blog.org\/index.php?rest_route=\/wp\/v2\/posts\/13723\/revisions"}],"predecessor-version":[{"id":13725,"href":"https:\/\/dhd-blog.org\/index.php?rest_route=\/wp\/v2\/posts\/13723\/revisions\/13725"}],"wp:attachment":[{"href":"https:\/\/dhd-blog.org\/index.php?rest_route=%2Fwp%2Fv2%2Fmedia&parent=13723"}],"wp:term":[{"taxonomy":"category","embeddable":true,"href":"https:\/\/dhd-blog.org\/index.php?rest_route=%2Fwp%2Fv2%2Fcategories&post=13723"},{"taxonomy":"post_tag","embeddable":true,"href":"https:\/\/dhd-blog.org\/index.php?rest_route=%2Fwp%2Fv2%2Ftags&post=13723"}],"curies":[{"name":"wp","href":"https:\/\/api.w.org\/{rel}","templated":true}]}}