{"id":13626,"date":"2020-05-13T15:45:54","date_gmt":"2020-05-13T13:45:54","guid":{"rendered":"https:\/\/dhd-blog.org\/?p=13626"},"modified":"2020-05-13T15:45:54","modified_gmt":"2020-05-13T13:45:54","slug":"stellenausschreibung-wuppertal-digitale-archive-reflexion-und-exploration-der-kooperativen-verfasstheit-von-daten","status":"publish","type":"post","link":"https:\/\/dhd-blog.org\/?p=13626","title":{"rendered":"Stellenausschreibung: Wuppertal, Digitale Archive, Reflexion und Exploration der kooperativen Verfasstheit von Daten"},"content":{"rendered":"\n<p><img loading=\"lazy\" decoding=\"async\" class=\"alignleft wp-image-13627\" src=\"https:\/\/dhd-blog.org\/wp-content\/uploads\/2020\/05\/Lehrstuhl_web.png\" alt=\"DH@BUW\" width=\"80\" height=\"75\" \/>Hm, im Titel ist alles schon gesagt. Ein wenig allgemeinen retrospektiven aber immer g\u00fcltigen Kontext gibt es auch bei der <a href=\"https:\/\/dhd-blog.org\/?p=12016\">letzten Stellenausschreibung an DH@BUW<\/a>.<\/p>\n<p>Details zur Sache und etwas f\u00f6rmlicher (siehe ganz f\u00f6rmlich auch <a href=\"https:\/\/stellenausschreibungen.uni-wuppertal.de\/\">Stellenportal<\/a>\u00a0#19341):\u00a0<br \/>Am Lehrstuhl f\u00fcr &#8222;<a href=\"https:\/\/www.geschichte.uni-wuppertal.de\/de\/lehrgebiete\/digital-humanities.html\">Digital Humanities<\/a>&#8220; (Fakult\u00e4t f\u00fcr Geistes- und Kulturwissenschaften,\u00a0Historisches Seminar) der Bergischen Universit\u00e4t Wuppertal\u00a0ist zum n\u00e4chstm\u00f6glichen Zeitpunkt (fr\u00fchestens zum 01.07.2020; oder eben sp\u00e4ter), befristet bis zum Projektende am 31.12.2023, vorbehaltlich der endg\u00fcltigen Projektbewilligung,\u00a0eine Stelle als <strong>Wissenschaftliche*r Mitarbeiter*in <\/strong>(E13 TV-L) mit 50 % der tariflichen Arbeitszeit\u00a0zu besetzen. Gegebenenfalls ist eine Aufstockung der Stelle durch \u00dcbernahme von weiteren Aufgaben als wissenschaftliche*r Mitarbeiter*in am Lehrstuhl f\u00fcr Digital Humanities m\u00f6glich. Auch eine Kombination mit einem Promotionsvorhaben ist nicht ausgeschlossen.<\/p>\n<p>Es handelt sich um eine Stelle im DFG-gef\u00f6rderten Forschungsprojekt \u201e<a href=\"https:\/\/www.mediacoop.uni-siegen.de\/de\/projekte\/medien-der-praxeologie-iii-digitale-forschungswerkzeuge-und-umgebungen\/\">Medien der Praxeologie III: Digitale Forschungswerkzeuge und Umgebungen<\/a>\u201c als Teilprojekt P03 im Sonderforschungsbereich 1187 \u201e<a href=\"https:\/\/www.mediacoop.uni-siegen.de\/de\/\">Medien der Kooperation<\/a>&#8222;. Das Vorhaben wird in Kooperation mit der Universit\u00e4t Siegen an der Bergischen Universit\u00e4t Wuppertal durchgef\u00fchrt. \u00a0<\/p>\n<div id=\"attachment_13629\" style=\"width: 160px\" class=\"wp-caption alignleft\"><img loading=\"lazy\" decoding=\"async\" aria-describedby=\"caption-attachment-13629\" class=\"wp-image-13629\" src=\"https:\/\/dhd-blog.org\/wp-content\/uploads\/2020\/05\/Harold_Garfinkel-300x180.jpg\" alt=\"\" width=\"150\" height=\"90\" srcset=\"https:\/\/dhd-blog.org\/app\/uploads\/2020\/05\/Harold_Garfinkel-300x180.jpg 300w, https:\/\/dhd-blog.org\/app\/uploads\/2020\/05\/Harold_Garfinkel.jpg 460w\" sizes=\"auto, (max-width: 150px) 100vw, 150px\" \/><p id=\"caption-attachment-13629\" class=\"wp-caption-text\">H. Garfinkel, CC-BY-SA-4.0 wikimedia<\/p><\/div>\n<div id=\"attachment_13632\" style=\"width: 126px\" class=\"wp-caption alignright\"><img loading=\"lazy\" decoding=\"async\" aria-describedby=\"caption-attachment-13632\" class=\"wp-image-13632\" src=\"https:\/\/dhd-blog.org\/wp-content\/uploads\/2020\/05\/garfinkel-example-233x300.jpg\" alt=\"Nachlass-Dokument\" width=\"116\" height=\"150\" srcset=\"https:\/\/dhd-blog.org\/app\/uploads\/2020\/05\/garfinkel-example-233x300.jpg 233w, https:\/\/dhd-blog.org\/app\/uploads\/2020\/05\/garfinkel-example-794x1024.jpg 794w, https:\/\/dhd-blog.org\/app\/uploads\/2020\/05\/garfinkel-example-768x990.jpg 768w, https:\/\/dhd-blog.org\/app\/uploads\/2020\/05\/garfinkel-example.jpg 952w\" sizes=\"auto, (max-width: 116px) 100vw, 116px\" \/><p id=\"caption-attachment-13632\" class=\"wp-caption-text\">Dokument aus dem Nachlass.<\/p><\/div>\n<p>Inhaltlich geht es um die kritisch-reflexive Untersuchung und Umsetzung verschiedener innovativer Aspekte der Digitalisierung und Erschlie\u00dfung des Nachlasses von <a href=\"https:\/\/de.wikipedia.org\/wiki\/Harold_Garfinkel\">Harold Garfinkel<\/a> (bei Anwendung Garfinkelscher Methoden auf seinen eigenen Nachlass!) und der Entwicklung prototypischer Bausteine eines kommenden digitalen Garfinkel-Archivs. Die damit verbundenen Aufgaben umfassen (a) die Mitwirkung, Koordination, kritische Reflexion des Digitalisierungs- und der Erschlie\u00dfungsprozesse, (b) die Mitarbeit am Aufbau von Arbeitsumgebungen f\u00fcr die weitere Erschlie\u00dfung, (c) die Mitarbeit bei der Entwicklung von Konzepten und Prototypen f\u00fcr ein digitales Garfinkel-Archiv sowie (d) die Zusammenarbeit mit weiteren Kolleg*innen im Sonderforschungsbereich (Universit\u00e4t Siegen), im Teilprojekt P03 und anderen kooperierenden Projekten.<\/p>\n<p>Bewerbungen sind bis zum 8.6.2020 zu richten an <a href=\"http:\/\/patrick-sahle.de\/\">Patrick Sahle<\/a> (<a href=\"mailto:sahle@uni-wuppertal.de\">sahle@uni-wuppertal.de<\/a>)<\/p>\n","protected":false},"excerpt":{"rendered":"<p>Hm, im Titel ist alles schon gesagt. Ein wenig allgemeinen retrospektiven aber immer g\u00fcltigen Kontext gibt es auch bei der letzten Stellenausschreibung an DH@BUW. Details zur Sache und etwas f\u00f6rmlicher (siehe ganz f\u00f6rmlich auch Stellenportal\u00a0#19341):\u00a0Am Lehrstuhl f\u00fcr &#8222;Digital Humanities&#8220; (Fakult\u00e4t f\u00fcr Geistes- und Kulturwissenschaften,\u00a0Historisches Seminar) der Bergischen Universit\u00e4t Wuppertal\u00a0ist zum n\u00e4chstm\u00f6glichen Zeitpunkt (fr\u00fchestens zum 01.07.2020; [&hellip;]<\/p>\n","protected":false},"author":44,"featured_media":0,"comment_status":"open","ping_status":"open","sticky":false,"template":"","format":"standard","meta":{"footnotes":""},"categories":[3],"tags":[114,153,1017,1068,1067,1019],"class_list":["post-13626","post","type-post","status-publish","format-standard","hentry","category-stellen","tag-digitales-archiv","tag-digitalisierung","tag-erschliessung","tag-harold-garfinkel","tag-praxeologie","tag-wuppertal"],"_links":{"self":[{"href":"https:\/\/dhd-blog.org\/index.php?rest_route=\/wp\/v2\/posts\/13626","targetHints":{"allow":["GET"]}}],"collection":[{"href":"https:\/\/dhd-blog.org\/index.php?rest_route=\/wp\/v2\/posts"}],"about":[{"href":"https:\/\/dhd-blog.org\/index.php?rest_route=\/wp\/v2\/types\/post"}],"author":[{"embeddable":true,"href":"https:\/\/dhd-blog.org\/index.php?rest_route=\/wp\/v2\/users\/44"}],"replies":[{"embeddable":true,"href":"https:\/\/dhd-blog.org\/index.php?rest_route=%2Fwp%2Fv2%2Fcomments&post=13626"}],"version-history":[{"count":7,"href":"https:\/\/dhd-blog.org\/index.php?rest_route=\/wp\/v2\/posts\/13626\/revisions"}],"predecessor-version":[{"id":13636,"href":"https:\/\/dhd-blog.org\/index.php?rest_route=\/wp\/v2\/posts\/13626\/revisions\/13636"}],"wp:attachment":[{"href":"https:\/\/dhd-blog.org\/index.php?rest_route=%2Fwp%2Fv2%2Fmedia&parent=13626"}],"wp:term":[{"taxonomy":"category","embeddable":true,"href":"https:\/\/dhd-blog.org\/index.php?rest_route=%2Fwp%2Fv2%2Fcategories&post=13626"},{"taxonomy":"post_tag","embeddable":true,"href":"https:\/\/dhd-blog.org\/index.php?rest_route=%2Fwp%2Fv2%2Ftags&post=13626"}],"curies":[{"name":"wp","href":"https:\/\/api.w.org\/{rel}","templated":true}]}}