{"id":13474,"date":"2020-04-16T18:29:23","date_gmt":"2020-04-16T16:29:23","guid":{"rendered":"https:\/\/dhd-blog.org\/?p=13474"},"modified":"2020-04-16T18:29:23","modified_gmt":"2020-04-16T16:29:23","slug":"gruendung-von-e-editiones","status":"publish","type":"post","link":"https:\/\/dhd-blog.org\/?p=13474","title":{"rendered":"Gr\u00fcndung von e-editiones"},"content":{"rendered":"<p class=\"tei-p\">Der Verein <a href=\"https:\/\/e-editiones.org\/\">e-editiones<\/a> (in Gr\u00fcndung) ist ein internationaler Zusammenschluss zwischen<br \/>\nkleineren und gr\u00f6sseren Editionsunternehmungen, Ged\u00e4chtnisinstitutionen und<br \/>\nEinzelforschenden. Ziel ist die F\u00f6rderung offener Standards und darauf basierender<br \/>\nfreier Software f\u00fcr digitale Editionen.<\/p>\n<p class=\"tei-p\">W\u00e4hrend digitale Editionen sich strukturell und inhaltlich erheblich voneinander<br \/>\nunterscheiden k\u00f6nnen, gibt es doch weitgehende \u00dcberschneidungen in Bezug auf die<br \/>\ntechnische Basisfunktionalit\u00e4t, die jede Edition anbieten muss. Ausgangspunkt f\u00fcr die<br \/>\nInitiatoren des Vereins ist die gemeinsame Nutzung von <a href=\"https:\/\/teipublisher.com\" class=\"tei-ref3\" target=\"\" rel=\"noopener noreferrer\">TEI Publisher<\/a> \u2013 urspr\u00fcnglich<br \/>\nhervorgegangen aus einem Vorhaben der TEI Community. Dieser erlaubt es Editionen,<br \/>\nsich nach dem Baukastenprinzip aus vorgefertigten Bausteinen zu bedienen.<\/p>\n<p class=\"tei-p\">Solche Software braucht jedoch den best\u00e4ndigen Austausch zwischen den Entwickelnden<br \/>\nund den Benutzenden, welche die fachlichen Anforderungen ihrer jeweiligen<br \/>\nEditionsprojekte kennen und einbringen. Der Verein m\u00f6chte diesen<br \/>\nInformationsaustausch sowie die Kommunikation zwischen den Editionsprojekten selbst<br \/>\nauf feste Beine stellen.<\/p>\n<h2 class=\"tei-head6\">Arbeitsfelder des Vereins<\/h2>\n<ul class=\"tei-list3\">\n<li class=\"tei-item\">Koordination von Entwicklungen im Open Source Bereich<\/li>\n<li class=\"tei-item\">F\u00f6rderung von Informationsaustausch und Kommunikation<\/li>\n<li class=\"tei-item\">Einwerbung von Mitteln zur Weiterentwicklung<\/li>\n<li class=\"tei-item\">Hostingangebote f\u00fcr digitale Editionen<\/li>\n<\/ul>\n<p class=\"tei-p\">Eine detailliertere Beschreibung findet sich im <a href=\"https:\/\/e-editiones.org\/e-editiones-arbeitsfelder-verein.docx.xml\" class=\"tei-ref3\" target=\"\" rel=\"noopener noreferrer\">Strategiepapier<\/a>.<\/p>\n<h2 class=\"tei-head6\">Gr\u00fcndungsmitglieder<\/h2>\n<ul class=\"tei-list3\">\n<li class=\"tei-item\"><a href=\"https:\/\/www.ssrq-sds-fds.ch\/\" class=\"tei-ref3\" target=\"\" rel=\"noopener noreferrer\">Rechtsquellenstiftung des Schweizerischen Juristenvereins<\/a><\/li>\n<li class=\"tei-item\"><a href=\"https:\/\/www.stiftsbezirk.ch\/de\/stiftsbibliothek\/\" class=\"tei-ref3\" target=\"\" rel=\"noopener noreferrer\">Stiftsbibliothek St. Gallen<\/a><\/li>\n<li class=\"tei-item\"><a href=\"https:\/\/karlbarth.unibas.ch\/de\/\" class=\"tei-ref3\" target=\"\" rel=\"noopener noreferrer\">Karl Barth-Stiftung, Basel<\/a><\/li>\n<li class=\"tei-item\"><a href=\"https:\/\/stadtarchiv.ch\/\" class=\"tei-ref3\" target=\"\" rel=\"noopener noreferrer\">Ortsb\u00fcrgergemeinde der Stadt St. Gallen, Stadtarchiv<\/a><\/li>\n<li class=\"tei-item\"><a href=\"http:\/\/existsolutions.com\/\" class=\"tei-ref3\" target=\"\" rel=\"noopener noreferrer\">eXist Solutions GmbH, Lenzkirch\/Berlin<\/a><\/li>\n<li class=\"tei-item\">Sulamith Gehr, <a href=\"https:\/\/ub.unibas.ch\/bernoulli\/index.php\/Hauptseite\" class=\"tei-ref3\" target=\"\" rel=\"noopener noreferrer\">Basler Edition der Bernoulli-Briefwechsel<\/a><\/li>\n<li class=\"tei-item\">Roman Sigg, Stadtarchivar Stein am Rhein<\/li>\n<li class=\"tei-item\"><a href=\"https:\/\/uzh.academia.edu\/ClaudiaSutter\" class=\"tei-ref3\" target=\"\" rel=\"noopener noreferrer\">Claudia Sutter, freie Historikerin, Archivarin, Stein am Rhein, Urbar des Dominikanerinnenklosters St. Katharinen St. Gallen<\/a><\/li>\n<li class=\"tei-item\"><a href=\"https:\/\/online.uni-graz.at\/kfu_online\/wbForschungsportal.cbShowPortal?pPersonNr=80075\" class=\"tei-ref3\" target=\"\" rel=\"noopener noreferrer\">Georg Vogeler, Professor Digital Humanities, Zentrum f\u00fcr Informationsmodellierung, Universit\u00e4t Graz<\/a><\/li>\n<\/ul>\n<h2 class=\"tei-head6\">Gr\u00fcndung und Sitz des Vereins<\/h2>\n<p class=\"tei-p\">Die Gr\u00fcndung des Vereins erfolgt am 4. Mai 2020, 10:00 Uhr in St. Gallen. Die Teilnahme per Videokonferenz ist m\u00f6glich. Weitere Gr\u00fcndungsmitglieder sind willkommen.<\/p>\n<p class=\"tei-p\">Kontakt: <a href=\"mailto:info@e-editiones.org\" class=\"tei-ref3\" target=\"\" rel=\"noopener noreferrer\">info@e-editiones.org<\/a>.<\/p>\n","protected":false},"excerpt":{"rendered":"<p>Der Verein e-editiones (in Gr\u00fcndung) ist ein internationaler Zusammenschluss zwischen kleineren und gr\u00f6sseren Editionsunternehmungen, Ged\u00e4chtnisinstitutionen und Einzelforschenden. Ziel ist die F\u00f6rderung offener Standards und darauf basierender freier Software f\u00fcr digitale Editionen. W\u00e4hrend digitale Editionen sich strukturell und inhaltlich erheblich voneinander unterscheiden k\u00f6nnen, gibt es doch weitgehende \u00dcberschneidungen in Bezug auf die technische Basisfunktionalit\u00e4t, die jede [&hellip;]<\/p>\n","protected":false},"author":60,"featured_media":0,"comment_status":"open","ping_status":"open","sticky":false,"template":"","format":"standard","meta":{"footnotes":""},"categories":[1,5],"tags":[35,64,238],"class_list":["post-13474","post","type-post","status-publish","format-standard","hentry","category-allgemein","category-forschungsinfrastruktur","tag-digitale-edition","tag-tei","tag-vernetzung"],"_links":{"self":[{"href":"https:\/\/dhd-blog.org\/index.php?rest_route=\/wp\/v2\/posts\/13474","targetHints":{"allow":["GET"]}}],"collection":[{"href":"https:\/\/dhd-blog.org\/index.php?rest_route=\/wp\/v2\/posts"}],"about":[{"href":"https:\/\/dhd-blog.org\/index.php?rest_route=\/wp\/v2\/types\/post"}],"author":[{"embeddable":true,"href":"https:\/\/dhd-blog.org\/index.php?rest_route=\/wp\/v2\/users\/60"}],"replies":[{"embeddable":true,"href":"https:\/\/dhd-blog.org\/index.php?rest_route=%2Fwp%2Fv2%2Fcomments&post=13474"}],"version-history":[{"count":6,"href":"https:\/\/dhd-blog.org\/index.php?rest_route=\/wp\/v2\/posts\/13474\/revisions"}],"predecessor-version":[{"id":13480,"href":"https:\/\/dhd-blog.org\/index.php?rest_route=\/wp\/v2\/posts\/13474\/revisions\/13480"}],"wp:attachment":[{"href":"https:\/\/dhd-blog.org\/index.php?rest_route=%2Fwp%2Fv2%2Fmedia&parent=13474"}],"wp:term":[{"taxonomy":"category","embeddable":true,"href":"https:\/\/dhd-blog.org\/index.php?rest_route=%2Fwp%2Fv2%2Fcategories&post=13474"},{"taxonomy":"post_tag","embeddable":true,"href":"https:\/\/dhd-blog.org\/index.php?rest_route=%2Fwp%2Fv2%2Ftags&post=13474"}],"curies":[{"name":"wp","href":"https:\/\/api.w.org\/{rel}","templated":true}]}}