{"id":134,"date":"2012-01-24T11:48:43","date_gmt":"2012-01-24T10:48:43","guid":{"rendered":"http:\/\/dhd-blog.org\/?p=134"},"modified":"2012-01-24T11:49:44","modified_gmt":"2012-01-24T10:49:44","slug":"europaische-forschungsforderung","status":"publish","type":"post","link":"https:\/\/dhd-blog.org\/?p=134","title":{"rendered":"Europ\u00e4ische Forschungsf\u00f6rderung"},"content":{"rendered":"<p>Wer mehr \u00fcber die europ\u00e4ische Forschungsf\u00f6rderung wissen m\u00f6chte, dem sei folgendes Seminar empfohlen: <strong>EU-Kompakt Modul I \u2013 Die europ\u00e4ische Forschungsf\u00f6rderung \u2013 Inhalte, Instrumente und Prozesse<\/strong>. Neben Informationen zu Hintergr\u00fcnden, F\u00f6rderinstrumenten und zur Antragstellung im <a title=\"Link zum 7.FP\" href=\"http:\/\/www.forschungsrahmenprogramm.de\/frp-ueberblick.htm\">7. Rahmenprogramm<\/a> wird es einen Ausblick auf <a title=\"Link zu Horizon2020\" href=\"http:\/\/www.forschungsrahmenprogramm.de\/horizon2020.htm\">Horizon2020<\/a> geben.<\/p>\n<p><strong>Wann und wo?<br \/>\n<\/strong>26.-28. M\u00e4rz 2012,\u00a0Wissenschaftszentrum Bonn<\/p>\n<p><a title=\"Link zur Veranstaltung\" href=\"http:\/\/www.kowi.de\/desktopdefault.aspx\/tabid-39\/832_read-1468\/date-1155\/\">Programm und Anmeldung<\/a><\/p>\n","protected":false},"excerpt":{"rendered":"<p>Wer mehr \u00fcber die europ\u00e4ische Forschungsf\u00f6rderung wissen m\u00f6chte, dem sei folgendes Seminar empfohlen: EU-Kompakt Modul I \u2013 Die europ\u00e4ische Forschungsf\u00f6rderung \u2013 Inhalte, Instrumente und Prozesse. Neben Informationen zu Hintergr\u00fcnden, F\u00f6rderinstrumenten und zur Antragstellung im 7. Rahmenprogramm wird es einen Ausblick auf Horizon2020 geben. Wann und wo? 26.-28. M\u00e4rz 2012,\u00a0Wissenschaftszentrum Bonn Programm und Anmeldung<\/p>\n","protected":false},"author":4,"featured_media":0,"comment_status":"open","ping_status":"open","sticky":false,"template":"","format":"standard","meta":{"footnotes":""},"categories":[6,4],"tags":[28,30,29,31],"class_list":["post-134","post","type-post","status-publish","format-standard","hentry","category-forschungsfoerderung","category-veranstaltungen","tag-europa","tag-fp7","tag-horizon2020","tag-weiterbildung"],"_links":{"self":[{"href":"https:\/\/dhd-blog.org\/index.php?rest_route=\/wp\/v2\/posts\/134","targetHints":{"allow":["GET"]}}],"collection":[{"href":"https:\/\/dhd-blog.org\/index.php?rest_route=\/wp\/v2\/posts"}],"about":[{"href":"https:\/\/dhd-blog.org\/index.php?rest_route=\/wp\/v2\/types\/post"}],"author":[{"embeddable":true,"href":"https:\/\/dhd-blog.org\/index.php?rest_route=\/wp\/v2\/users\/4"}],"replies":[{"embeddable":true,"href":"https:\/\/dhd-blog.org\/index.php?rest_route=%2Fwp%2Fv2%2Fcomments&post=134"}],"version-history":[{"count":6,"href":"https:\/\/dhd-blog.org\/index.php?rest_route=\/wp\/v2\/posts\/134\/revisions"}],"predecessor-version":[{"id":140,"href":"https:\/\/dhd-blog.org\/index.php?rest_route=\/wp\/v2\/posts\/134\/revisions\/140"}],"wp:attachment":[{"href":"https:\/\/dhd-blog.org\/index.php?rest_route=%2Fwp%2Fv2%2Fmedia&parent=134"}],"wp:term":[{"taxonomy":"category","embeddable":true,"href":"https:\/\/dhd-blog.org\/index.php?rest_route=%2Fwp%2Fv2%2Fcategories&post=134"},{"taxonomy":"post_tag","embeddable":true,"href":"https:\/\/dhd-blog.org\/index.php?rest_route=%2Fwp%2Fv2%2Ftags&post=134"}],"curies":[{"name":"wp","href":"https:\/\/api.w.org\/{rel}","templated":true}]}}