{"id":1222,"date":"2013-01-10T16:18:48","date_gmt":"2013-01-10T15:18:48","guid":{"rendered":"http:\/\/dhd-blog.org\/?p=1222"},"modified":"2013-01-10T16:20:29","modified_gmt":"2013-01-10T15:20:29","slug":"konferenz-historische-textkorpora-fur-die-geistes-und-sozialwissenschaften-fragestellungen-und-nutzungsperspektiven","status":"publish","type":"post","link":"https:\/\/dhd-blog.org\/?p=1222","title":{"rendered":"Konferenz:  Historische Textkorpora f\u00fcr die Geistes- und Sozialwissenschaften. Fragestellungen und Nutzungsperspektiven"},"content":{"rendered":"<p>Zum Thema \u201eHistorische Textkorpora f\u00fcr die Geistes- und<br \/>\nSozialwissenschaften. Fragestellungen und Nutzungsperspektiven\u201c<br \/>\nveranstalten die Projekte \u201eDeutsches Textarchiv\u201c und \u201eCLARIN-D\u201c<br \/>\ngemeinsam eine zweit\u00e4gige Konferenz mit begleitenden themenbezogenen<br \/>\nWorkshops.<\/p>\n<p>Auf der Konferenz werden Fragen behandelt, die im Zusammenhang mit dem<br \/>\nAufbau, der Pflege und linguistischen Anreicherung sowie der Nutzung<br \/>\nhistorischer Textkorpora stehen. Themen sind die notwendige und<br \/>\nw\u00fcnschenswerte Gr\u00f6\u00dfe und G\u00fcte von Korpora, Verfahren und Qualit\u00e4t der<br \/>\nlinguistischen Annotation und Kriterien f\u00fcr die Auswahl und<br \/>\nZusammensetzung solcher Korpora. Dabei wird betrachtet, wie ein<br \/>\noptimales Verh\u00e4ltnis dieser Anforderungen f\u00fcr den Aufbau solcher Korpora<br \/>\nhergestellt werden kann, auch hinsichtlich der Bed\u00fcrfnisse verschiedener<br \/>\nBenutzergruppen und der Nachnutzbarkeit solcher Ressourcen \u00fcber den<br \/>\nunmittelbaren Forschungszweck hinaus. Ein weiterer Aspekt ist, wie<br \/>\nhistorische Korpora verschiedener Herkunft interoperabel und damit<br \/>\ngemeinsam nutzbar gemacht werden k\u00f6nnen. Diese Fragen sollen allgemein,<br \/>\naber auch im Hinblick auf konkrete Projekte und Ressourcen er\u00f6rtert werden.<\/p>\n<p>Erg\u00e4nzend zur Konferenz werden zwei Workshops veranstaltet: Workshop1<br \/>\nlegt das von der BBAW geleitete CLARIN-D-Arbeitspaket 5 (AP 5: Dienste<br \/>\nund Ressourcen) zugrunde und wird eine Einf\u00fchrung zu den Diensten der<br \/>\nCLARIN-D-Infrastruktur bieten, welche den Aufbau und die Analyse von<br \/>\nSprachressourcen unterst\u00fctzen. Workshop 2 kn\u00fcpft an die Erfahrungen des<br \/>\nKurationsprojekts 1 der CLARIN-D-Facharbeitsgruppe 1 und des<br \/>\nDTA-Erweiterungsmoduls DTAE an und vermittelt, auf welche Weise<br \/>\nexistierende oder neue Sprachressourcen mit den Hilfsmitteln des DTA<br \/>\nCLARIN-D- konform aufbereitet oder erstellt werden k\u00f6nnen.<\/p>\n<p>Weitere Informationen:<\/p>\n<p><a title=\"http:\/\/www.bbaw.de\/veranstaltungen\/2013\/februar\/historische_textkorpora\" href=\"http:\/\/www.bbaw.de\/veranstaltungen\/2013\/februar\/historische_textkorpora\" target=\"_blank\">http:\/\/www.bbaw.de\/veranstaltungen\/2013\/februar\/historische_textkorpora<\/a><\/p>\n<p><a href=\"http:\/\/www.deutschestextarchiv.de\/doku\/workshop2013\" target=\"_blank\">http:\/\/www.deutschestextarchiv.de\/doku\/workshop2013<\/a><\/p>\n<p><a title=\"http:\/\/www.bbaw.de\/veranstaltungen\/2013\/februar\/historische_textkorpora\" href=\"http:\/\/www.bbaw.de\/veranstaltungen\/2013\/februar\/historische_textkorpora\" target=\"_blank\"><br \/>\n<\/a>Kontakt: <a title=\"Deutsches Textarchiv\" href=\"http:\/\/www.deutschestextarchiv.de\" target=\"_blank\">Deutsches Textarchiv<\/a> (dta@bbaw.de)<\/p>\n<p>Um Anmeldung wird gebeten bis zum 31.1.2013<\/p>\n","protected":false},"excerpt":{"rendered":"<p>Zum Thema \u201eHistorische Textkorpora f\u00fcr die Geistes- und Sozialwissenschaften. Fragestellungen und Nutzungsperspektiven\u201c veranstalten die Projekte \u201eDeutsches Textarchiv\u201c und \u201eCLARIN-D\u201c gemeinsam eine zweit\u00e4gige Konferenz mit begleitenden themenbezogenen Workshops. Auf der Konferenz werden Fragen behandelt, die im Zusammenhang mit dem Aufbau, der Pflege und linguistischen Anreicherung sowie der Nutzung historischer Textkorpora stehen. Themen sind die notwendige und [&hellip;]<\/p>\n","protected":false},"author":31,"featured_media":0,"comment_status":"open","ping_status":"open","sticky":false,"template":"","format":"standard","meta":{"footnotes":""},"categories":[4],"tags":[],"class_list":["post-1222","post","type-post","status-publish","format-standard","hentry","category-veranstaltungen"],"_links":{"self":[{"href":"https:\/\/dhd-blog.org\/index.php?rest_route=\/wp\/v2\/posts\/1222","targetHints":{"allow":["GET"]}}],"collection":[{"href":"https:\/\/dhd-blog.org\/index.php?rest_route=\/wp\/v2\/posts"}],"about":[{"href":"https:\/\/dhd-blog.org\/index.php?rest_route=\/wp\/v2\/types\/post"}],"author":[{"embeddable":true,"href":"https:\/\/dhd-blog.org\/index.php?rest_route=\/wp\/v2\/users\/31"}],"replies":[{"embeddable":true,"href":"https:\/\/dhd-blog.org\/index.php?rest_route=%2Fwp%2Fv2%2Fcomments&post=1222"}],"version-history":[{"count":3,"href":"https:\/\/dhd-blog.org\/index.php?rest_route=\/wp\/v2\/posts\/1222\/revisions"}],"predecessor-version":[{"id":1224,"href":"https:\/\/dhd-blog.org\/index.php?rest_route=\/wp\/v2\/posts\/1222\/revisions\/1224"}],"wp:attachment":[{"href":"https:\/\/dhd-blog.org\/index.php?rest_route=%2Fwp%2Fv2%2Fmedia&parent=1222"}],"wp:term":[{"taxonomy":"category","embeddable":true,"href":"https:\/\/dhd-blog.org\/index.php?rest_route=%2Fwp%2Fv2%2Fcategories&post=1222"},{"taxonomy":"post_tag","embeddable":true,"href":"https:\/\/dhd-blog.org\/index.php?rest_route=%2Fwp%2Fv2%2Ftags&post=1222"}],"curies":[{"name":"wp","href":"https:\/\/api.w.org\/{rel}","templated":true}]}}