{"id":12102,"date":"2019-08-05T23:51:44","date_gmt":"2019-08-05T21:51:44","guid":{"rendered":"https:\/\/dhd-blog.org\/?p=12102"},"modified":"2019-08-05T23:51:44","modified_gmt":"2019-08-05T21:51:44","slug":"dhd-call-for-hosts-2021-und-2022","status":"publish","type":"post","link":"https:\/\/dhd-blog.org\/?p=12102","title":{"rendered":"DHd \u2013 Call for Hosts 2021 und 2022"},"content":{"rendered":"\n<p>DHd20xx ist die j\u00e4hrliche, internationale Fachtagung der Digital Humanities im deutschsprachigen Raum (DHd, <a rel=\"noreferrer noopener\" href=\"http:\/\/dig-hum.de\" target=\"_blank\">http:\/\/dig-hum.de<\/a>) und die f\u00fchrende wissenschaftliche Konferenz f\u00fcr die Digital Humanities im deutschen Sprachraum. Die erste Tagung fand 2014 an der Universit\u00e4t Passau statt, die weiteren Stationen waren 2015 an der Karl-Franzens-Universit\u00e4t Graz, 2016 an der Universit\u00e4t Leipzig, 2017 an der Universit\u00e4t Bern, 2018 an der Universit\u00e4t zu K\u00f6ln und 2019 an den Universit\u00e4ten Mainz und Frankfurt \/Main. Die DHd2020 wird von der Universit\u00e4t Paderborn ausgerichtet.<br> <br>Der Fachverband Digital Humanities im deutschsprachigen Raum bittet nun um Bewerbungen um die Ausrichtung f\u00fcr die achte und f\u00fcr die neunte Tagung (DHd2021 und DHd2022). Die Ausschreibung f\u00fcr beide Jahre soll f\u00fcr Veranstalter und Verband gr\u00f6\u00dfere Planungssicherheit erm\u00f6glichen. Da der Fachverband anstrebt, die Konferenz wechselnd in Deutschland und au\u00dferhalb Deutschlands zu veranstalten, die letzten Tagungen aber in Deutschland ausgerichtet wurden, freuen wir uns f\u00fcr 2021\/2022 besonders \u00fcber Bewerbungen von Einrichtungen au\u00dferhalb Deutschlands.<br> <br>Die ersten Auflagen der Konferenz haben bis zu 650 Teilnehmerinnen und Teilnehmer aus dem deutschsprachigen Raum und angrenzenden L\u00e4ndern angezogen. Die Tagungsprogramme sahen jeweils zwei Tage f\u00fcr Workshops und drei Tage f\u00fcr das Hauptprogramm bestehend aus Plenarvortr\u00e4gen, parallelen Sektionen mit wissenschaftlichen Vortr\u00e4gen, Paneldiskussionen und Posterpr\u00e4sentationen vor. Die Einf\u00fchrung neuer Formate ist in Abstimmung mit dem Verband und dem Programmkomitee m\u00f6glich.<br> <br>Das wissenschaftliche Programm der Tagung wird durch ein vom Fachverband eingesetztes internationales Programmkomitee auf Grundlage eines Call for Papers und eines anschlie\u00dfenden Review-Verfahrens erstellt. Die ausrichtende Institution ist verantwortlich f\u00fcr die Bereitstellung der Tagungsr\u00e4ume und aller notwendigen Infrastruktur, f\u00fcr die Organisation und Sicherstellung des reibungslosen Ablaufs der Tagung, die Organisation von Social Events und die Einrichtung und Pflege einer Tagungs-Website sowie die \u00d6ffentlichkeitsarbeit vor Ort. Die Veranstaltung firmiert unter dem Titel \u201eDHd 2021 bzw. 2022, Veranstaltungsthema, Jahrestagung des Verbandes Digital Humanities im deutschsprachigen Raum, ausgerichtet von ####.\u201c Bei der Erstellung der Tagungs-Website und allen PR-relevanten Ma\u00dfnahmen bitten wir um kontinuierliche Abstimmung mit dem Tagungskoordinator des Verbandes.<br> <br>Die Tagung finanziert sich \u00fcber Teilnehmergeb\u00fchren und von der ausrichtenden Institution bereitgestellte oder \u00fcber Sponsoren eingeworbene finanzielle Mittel. Die erhobene Tagungsgeb\u00fchr ist mit dem Vorstand des Fachverbandes abzustimmen und soll vier Kategorien umfassen: regul\u00e4re und erm\u00e4\u00dfigte Mitglieder des DHd (letztere im Sinne der Regelung zur erm\u00e4\u00dfigten Mitgliedschaft im DHd-Verband) sowie regul\u00e4re und erm\u00e4\u00dfigte Nicht-Mitglieder des DHd. Die Tagungsgeb\u00fchr muss f\u00fcr Nicht-Mitglieder mindestens die Tagungsgeb\u00fchr f\u00fcr Mitglieder des DHd zuz\u00fcglich des Mitgliedsbeitrags plus mindestens 5 Euro betragen, wobei die jeweils relevante Beitragskategorie ber\u00fccksichtigt werden muss.<br><\/p>\n\n\n\n<p style=\"text-align:left\">Die Bewerbung um die Ausrichtung der DHd2021 bzw. 2022 soll umfassen:<\/p>\n\n\n\n<ul class=\"wp-block-list\"><li>einen Vorschlag f\u00fcr ein Tagungsmotto sowie einen      Terminvorschlag (bevorzugt im Zeitraum Februar bis April). Bei der      Terminplanung soll auf potentiell konkurrierende Konferenzen geachtet und      der Termin fr\u00fchzeitig auf der Website bekanntgegeben werden. <\/li><li>einen \u00dcberblick \u00fcber die f\u00fcr die Konferenz      bereitgestellte Infrastruktur (vor allem Tagungsr\u00e4ume f\u00fcr Workshops, parallele Sektionen und Plenarveranstaltungen)<\/li><li>Aussagen \u00fcber die Unterst\u00fctzung der Ausrichtung vor Ort (z.B. durch die Universit\u00e4tsleitung)<\/li><li>eine Aussage \u00fcber die Verwendung von Management- und Bezahlsystemen (z.B. Conftool)<\/li><li>Angaben zur die Erreichbarkeit des Tagungsortes (bzw. ggf. der Tagungsorte) und die Verf\u00fcgbarkeit von Unterk\u00fcnften (inkl.      Preissch\u00e4tzungen)<\/li><li>Ideen f\u00fcr Social Events<\/li><li>Vorschl\u00e4ge zur Erreichung einer hohen Sichtbarkeit der Tagung<\/li><li>Vorschl\u00e4ge zur F\u00f6rderung von  NachwuchswissenschaftlerInnen (inkl. Studierende)<\/li><li>eine vorl\u00e4ufige Kostenkalkulation und Vorstellungen \u00fcber die Tagungsgeb\u00fchr<\/li><li>schlie\u00dflich die Angabe ob der Bewerbungsvorschlag f\u00fcr 2021, f\u00fcr 2022 oder offen f\u00fcr beide Jahre gilt.<\/li><\/ul>\n\n\n\n<p>Bewerbungen werden bis <strong>10. November 2019<\/strong>\nentgegen genommen (formlos per E-Mail an Lisa Dieckmann:&nbsp;<a href=\"mailto:lisa.dieckmann@uni-koeln.de\">lisa.dieckmann@uni-koeln.de<\/a>). Die\nVergabe der beiden Tagungen erfolgt durch den Vorstand des Fachverbandes bis\nsp\u00e4testens 30. November 2019. F\u00fcr R\u00fcckfragen steht die Tagungskoordinatorin im\nVorstand des Fachverbandes, Lisa Dieckmann, zur Verf\u00fcgung.<\/p>\n","protected":false},"excerpt":{"rendered":"<p>DHd20xx ist die j\u00e4hrliche, internationale Fachtagung der Digital Humanities im deutschsprachigen Raum (DHd, http:\/\/dig-hum.de) und die f\u00fchrende wissenschaftliche Konferenz f\u00fcr die Digital Humanities im deutschen Sprachraum. Die erste Tagung fand 2014 an der Universit\u00e4t Passau statt, die weiteren Stationen waren 2015 an der Karl-Franzens-Universit\u00e4t Graz, 2016 an der Universit\u00e4t Leipzig, 2017 an der Universit\u00e4t Bern, [&hellip;]<\/p>\n","protected":false},"author":183,"featured_media":0,"comment_status":"open","ping_status":"open","sticky":false,"template":"","format":"standard","meta":{"footnotes":""},"categories":[1,103,534,4],"tags":[],"class_list":["post-12102","post","type-post","status-publish","format-standard","hentry","category-allgemein","category-community","category-konferenz","category-veranstaltungen"],"_links":{"self":[{"href":"https:\/\/dhd-blog.org\/index.php?rest_route=\/wp\/v2\/posts\/12102","targetHints":{"allow":["GET"]}}],"collection":[{"href":"https:\/\/dhd-blog.org\/index.php?rest_route=\/wp\/v2\/posts"}],"about":[{"href":"https:\/\/dhd-blog.org\/index.php?rest_route=\/wp\/v2\/types\/post"}],"author":[{"embeddable":true,"href":"https:\/\/dhd-blog.org\/index.php?rest_route=\/wp\/v2\/users\/183"}],"replies":[{"embeddable":true,"href":"https:\/\/dhd-blog.org\/index.php?rest_route=%2Fwp%2Fv2%2Fcomments&post=12102"}],"version-history":[{"count":1,"href":"https:\/\/dhd-blog.org\/index.php?rest_route=\/wp\/v2\/posts\/12102\/revisions"}],"predecessor-version":[{"id":12103,"href":"https:\/\/dhd-blog.org\/index.php?rest_route=\/wp\/v2\/posts\/12102\/revisions\/12103"}],"wp:attachment":[{"href":"https:\/\/dhd-blog.org\/index.php?rest_route=%2Fwp%2Fv2%2Fmedia&parent=12102"}],"wp:term":[{"taxonomy":"category","embeddable":true,"href":"https:\/\/dhd-blog.org\/index.php?rest_route=%2Fwp%2Fv2%2Fcategories&post=12102"},{"taxonomy":"post_tag","embeddable":true,"href":"https:\/\/dhd-blog.org\/index.php?rest_route=%2Fwp%2Fv2%2Ftags&post=12102"}],"curies":[{"name":"wp","href":"https:\/\/api.w.org\/{rel}","templated":true}]}}