{"id":11162,"date":"2019-02-20T17:05:25","date_gmt":"2019-02-20T16:05:25","guid":{"rendered":"https:\/\/dhd-blog.org\/?p=11162"},"modified":"2019-02-20T17:13:29","modified_gmt":"2019-02-20T16:13:29","slug":"vortrag-halle-28-2-2019-der-sturm-digitale-quellenedition-zur-geschichte-der-internationalen-avantgarde","status":"publish","type":"post","link":"https:\/\/dhd-blog.org\/?p=11162","title":{"rendered":"Vortrag, Halle, 28.2.2019: \u201eDER STURM. Digitale Quellenedition zur Geschichte der internationalen Avantgarde\u201f"},"content":{"rendered":"<div class=\"bread-crumbs clearfix\">\n<div class=\"pic\"><img loading=\"lazy\" decoding=\"async\" class=\"alignright\" src=\"https:\/\/www.leopoldina.org\/typo3temp\/assets\/_processed_\/5\/c\/csm_2019_02_28_PIC_Abendvortrag_Winter_School_d7bb9a18b1.jpg\" alt=\"Mehr zu 'DER STURM. Digitale Quellenedition zur Geschichte der internationalen Avantgarde'\" width=\"315\" height=\"220\" \/><\/div>\n<\/div>\n<div class=\"page-left-part themen-part\">\n<div class=\"themen-list clearfix\">\n<div class=\"artikel-part clearfix tx-leoevents-singleview\">\n<div class=\"image-part clearfix\">\n<div>\n<p class=\"bodytext\">Von der Idee zur Konzeption und Umsetzung: In ihrem <span style=\"font-size: 10pt\">Abendvortrag<\/span> im Rahmen der Winter School Digitale Editionen pr\u00e4sentiert <strong>Marjam Trautmann<\/strong> das <a href=\"https:\/\/sturm-edition.de\/\">digitale Editionsprojekt \u201eDER STURM\u201c<\/a>. Was passiert mit den \u201ek\u00e4mpfenden K\u00fchen\u201c des K\u00fcnstlers Franz Marc und wie kommentiert man August Mackes Reise nach Tunis? Der Vortrag gibt einen Einblick in das edierte Material hinsichtlich seiner TEI-XML-Kodierung sowie in die Gesamtsystematik und die nachhaltig angelegte Softwarearchitektur der Edition. Auch konkrete Herausforderungen der Editionspraxis werden dargestellt.<\/p>\n<p class=\"bodytext\">Im Jahr 1910 von dem Publizisten und Komponisten Herwarth Walden in Berlin gegr\u00fcndet, avancierte die Zeitschrift \u201eDER STURM\u201c in den Folgejahren zu einem programmatischen wie \u00e4sthetischen Sprachrohr der internationalen Avantgarde.\u00a0Das Projekt beabsichtigt, die zahlreichen verstreuten digitalen Quellen des STURM-Unternehmens, zu dem neben der Zeitschrift auch die STURM-\u200bGalerie, die STURM-\u200bB\u00fchne und der STURM-\u200bVerlag z\u00e4hlen, in einer historisch-\u200bkritisch angelegten Digitalen Edition erstmals zu vereinen. Langfristig sollen die digitalen Quellenbest\u00e4nde als offene Forschungsdaten f\u00fcr die fachwissenschaftlichen Communities zur Verf\u00fcgung gestellt werden. Das Projekt ist an der Akademie der Wissenschaften und der Literatur Mainz angesiedelt und wird von der Digitalen Akademie durchgef\u00fchrt.<\/p>\n<p>Marjam Trautmann (M.A.) promoviert im Gebiet der historischen Netzwerkforschung und ist Projektleiterin des STURM sowie Mitarbeiterin der Hans Kelsen Werke, die beide an der \u201eDigitalen Akademie\u201c der Akademie der Wissenschaften und der Literatur Mainz angesiedelt sind.<\/p>\n<p>Der \u00f6ffentliche Abendvortrag findet im Rahmen der <a href=\"https:\/\/www.i-d-e.de\/aktivitaeten\/schools\/winter-school-2019-halle\/\">\u201eWinter School Digitale Editionen\u201c<\/a> des Leopoldina-Zentrums f\u00fcr Wissenschaftsforschung statt, die in Zusammenarbeit mit der Berlin-Brandenburgischen Akademie der Wissenschaften, der Nordrhein-Westf\u00e4lischen Akademie der Wissenschaften und der K\u00fcnste sowie dem Institut f\u00fcr Dokumentologie und Editorik durchgef\u00fchrt wird.<\/p>\n<h3>tl;dr<\/h3>\n<\/div>\n<p><strong>\u201eDER STURM. Digitale Quellenedition zur Geschichte der internationalen Avantgarde\u201f<br \/>\n<\/strong>Marjam Trautmann, Akademie der Wissenschaften und der Literatur | Mainz<\/p>\n<p><strong>Datum:<\/strong> Donnerstag, 28. Februar 2019, 18\u201319.30 Uhr<\/p>\n<p><strong>Ort:<\/strong> EAS 36, Lesesaal des Leopoldina-Zentrums f\u00fcr Wissenschaftsforschung, Emil-Abderhalden-Str. 36, 06108 Halle<\/p>\n<p><em>Die Veranstaltung richtet sich an alle Interessierten. Der Eintritt ist frei. Eine Anmeldung ist nicht erforderlich.<\/em><\/p>\n<p><a href=\"https:\/\/www.leopoldina.org\/veranstaltungen\/veranstaltung\/event\/2676\/\">Die Veranstaltung auf der Website der Leopoldina.<\/a><\/p>\n<div>\n<p class=\"bodytext\"><span style=\"font-size: 8pt\">Bild: Digitale Akademie Mainz<\/span><\/p>\n<\/div>\n<\/div>\n<\/div>\n<\/div>\n<\/div>\n","protected":false},"excerpt":{"rendered":"<p>Von der Idee zur Konzeption und Umsetzung: In ihrem Abendvortrag im Rahmen der Winter School Digitale Editionen pr\u00e4sentiert Marjam Trautmann das digitale Editionsprojekt \u201eDER STURM\u201c. Was passiert mit den \u201ek\u00e4mpfenden K\u00fchen\u201c des K\u00fcnstlers Franz Marc und wie kommentiert man August Mackes Reise nach Tunis? Der Vortrag gibt einen Einblick in das edierte Material hinsichtlich seiner [&hellip;]<\/p>\n","protected":false},"author":9,"featured_media":0,"comment_status":"open","ping_status":"open","sticky":false,"template":"","format":"standard","meta":{"footnotes":""},"categories":[4,657],"tags":[35,926,890,927],"class_list":["post-11162","post","type-post","status-publish","format-standard","hentry","category-veranstaltungen","category-vortrag","tag-digitale-edition","tag-halle","tag-tei-xml","tag-vortrag"],"_links":{"self":[{"href":"https:\/\/dhd-blog.org\/index.php?rest_route=\/wp\/v2\/posts\/11162","targetHints":{"allow":["GET"]}}],"collection":[{"href":"https:\/\/dhd-blog.org\/index.php?rest_route=\/wp\/v2\/posts"}],"about":[{"href":"https:\/\/dhd-blog.org\/index.php?rest_route=\/wp\/v2\/types\/post"}],"author":[{"embeddable":true,"href":"https:\/\/dhd-blog.org\/index.php?rest_route=\/wp\/v2\/users\/9"}],"replies":[{"embeddable":true,"href":"https:\/\/dhd-blog.org\/index.php?rest_route=%2Fwp%2Fv2%2Fcomments&post=11162"}],"version-history":[{"count":15,"href":"https:\/\/dhd-blog.org\/index.php?rest_route=\/wp\/v2\/posts\/11162\/revisions"}],"predecessor-version":[{"id":11177,"href":"https:\/\/dhd-blog.org\/index.php?rest_route=\/wp\/v2\/posts\/11162\/revisions\/11177"}],"wp:attachment":[{"href":"https:\/\/dhd-blog.org\/index.php?rest_route=%2Fwp%2Fv2%2Fmedia&parent=11162"}],"wp:term":[{"taxonomy":"category","embeddable":true,"href":"https:\/\/dhd-blog.org\/index.php?rest_route=%2Fwp%2Fv2%2Fcategories&post=11162"},{"taxonomy":"post_tag","embeddable":true,"href":"https:\/\/dhd-blog.org\/index.php?rest_route=%2Fwp%2Fv2%2Ftags&post=11162"}],"curies":[{"name":"wp","href":"https:\/\/api.w.org\/{rel}","templated":true}]}}