{"id":11139,"date":"2019-02-13T16:56:49","date_gmt":"2019-02-13T15:56:49","guid":{"rendered":"https:\/\/dhd-blog.org\/?p=11139"},"modified":"2019-02-13T16:56:49","modified_gmt":"2019-02-13T15:56:49","slug":"call-for-abstracts-clarin-annual-conference-2019","status":"publish","type":"post","link":"https:\/\/dhd-blog.org\/?p=11139","title":{"rendered":"Call for Abstracts: CLARIN Annual Conference 2019"},"content":{"rendered":"<p>Die <a href=\"https:\/\/www.clarin.eu\/event\/2019\/clarin-annual-conference-2019-leipzig-germany\" target=\"_blank\" rel=\"noopener noreferrer\">CLARIN Annual Conference<\/a> ist das gr\u00f6\u00dfte j\u00e4hrliche Event f\u00fcr all diejenigen, die an Aufbau und Betrieb von CLARIN in Europa arbeiten.<\/p>\n<p>Ebenso ist das Event interessant f\u00fcr alle Repr\u00e4sentanten der Nutzungsgemeinde aus Geistes- und Sozialwissenschaften.<\/p>\n<p>Die diesj\u00e4hrige CLARIN Annual Conference findet vom <b><b><strong>30. September &#8211; 2. Oktober 2019 in Leipzig <\/strong><\/b><\/b>statt.<\/p>\n<p>Der <a href=\"https:\/\/www.clarin.eu\/content\/call-abstracts-clarin-annual-conference-2019\" target=\"_blank\" rel=\"noopener noreferrer\">Call for Abstracts<\/a> l\u00e4uft <strong>bis zum 15. April 2019<\/strong>.<\/p>\n<p>Mehr Informationen werden laufend auf den Seiten von <a href=\"https:\/\/www.clarin.eu\/\" target=\"_blank\" rel=\"noopener\">CLARIN ERIC<\/a> aktualisiert.<\/p>\n","protected":false},"excerpt":{"rendered":"<p>Die CLARIN Annual Conference ist das gr\u00f6\u00dfte j\u00e4hrliche Event f\u00fcr all diejenigen, die an Aufbau und Betrieb von CLARIN in Europa arbeiten. Ebenso ist das Event interessant f\u00fcr alle Repr\u00e4sentanten der Nutzungsgemeinde aus Geistes- und Sozialwissenschaften. Die diesj\u00e4hrige CLARIN Annual Conference findet vom 30. September &#8211; 2. Oktober 2019 in Leipzig statt. Der Call for [&hellip;]<\/p>\n","protected":false},"author":200,"featured_media":11135,"comment_status":"open","ping_status":"open","sticky":false,"template":"","format":"standard","meta":{"footnotes":""},"categories":[103,534,4],"tags":[54,412,193],"class_list":["post-11139","post","type-post","status-publish","format-standard","has-post-thumbnail","hentry","category-community","category-konferenz","category-veranstaltungen","tag-clarin","tag-clarin-d","tag-konferenz"],"_links":{"self":[{"href":"https:\/\/dhd-blog.org\/index.php?rest_route=\/wp\/v2\/posts\/11139","targetHints":{"allow":["GET"]}}],"collection":[{"href":"https:\/\/dhd-blog.org\/index.php?rest_route=\/wp\/v2\/posts"}],"about":[{"href":"https:\/\/dhd-blog.org\/index.php?rest_route=\/wp\/v2\/types\/post"}],"author":[{"embeddable":true,"href":"https:\/\/dhd-blog.org\/index.php?rest_route=\/wp\/v2\/users\/200"}],"replies":[{"embeddable":true,"href":"https:\/\/dhd-blog.org\/index.php?rest_route=%2Fwp%2Fv2%2Fcomments&post=11139"}],"version-history":[{"count":2,"href":"https:\/\/dhd-blog.org\/index.php?rest_route=\/wp\/v2\/posts\/11139\/revisions"}],"predecessor-version":[{"id":11141,"href":"https:\/\/dhd-blog.org\/index.php?rest_route=\/wp\/v2\/posts\/11139\/revisions\/11141"}],"wp:featuredmedia":[{"embeddable":true,"href":"https:\/\/dhd-blog.org\/index.php?rest_route=\/wp\/v2\/media\/11135"}],"wp:attachment":[{"href":"https:\/\/dhd-blog.org\/index.php?rest_route=%2Fwp%2Fv2%2Fmedia&parent=11139"}],"wp:term":[{"taxonomy":"category","embeddable":true,"href":"https:\/\/dhd-blog.org\/index.php?rest_route=%2Fwp%2Fv2%2Fcategories&post=11139"},{"taxonomy":"post_tag","embeddable":true,"href":"https:\/\/dhd-blog.org\/index.php?rest_route=%2Fwp%2Fv2%2Ftags&post=11139"}],"curies":[{"name":"wp","href":"https:\/\/api.w.org\/{rel}","templated":true}]}}